{"id":7975,"date":"2026-09-05T13:22:05","date_gmt":"2026-09-05T11:22:05","guid":{"rendered":"https:\/\/www.jsg-niedergrafschaft.de\/web\/?p=7975"},"modified":"2026-09-05T13:22:06","modified_gmt":"2026-09-05T11:22:06","slug":"ergebnisse-vom-29-08-03-09","status":"publish","type":"post","link":"https:\/\/www.jsg-niedergrafschaft.de\/web\/ergebnisse-vom-29-08-03-09\/","title":{"rendered":"Ergebnisse vom 29.08. &#8211; 03.09."},"content":{"rendered":"\n\n\n\n<p class=\"wp-block-paragraph\">Es geht weiter &#8211; hier mit einigen Berichten von Spielen der JSG-Auswahlteams in den letzten Tagen<\/p>\n\n\n\n<hr class=\"wp-block-separator has-alpha-channel-opacity is-style-wide\"\/>\n\n\n\n<p class=\"wp-block-paragraph\"><a href=\"https:\/\/www.jsg-niedergrafschaft.de\/web\/die-mannschaften\/u13\/\" target=\"_blank\" rel=\"noreferrer noopener\"><img data-recalc-dims=\"1\" loading=\"lazy\" decoding=\"async\" width=\"300\" height=\"47\" data-attachment-id=\"839\" data-permalink=\"https:\/\/www.jsg-niedergrafschaft.de\/web\/die-mannschaften\/u17-22-23\/jsg-logo-u13\/\" data-orig-file=\"https:\/\/i0.wp.com\/www.jsg-niedergrafschaft.de\/web\/wp-content\/uploads\/2022\/08\/jsg-logo-u13.png?fit=700%2C109&amp;ssl=1\" data-orig-size=\"700,109\" data-comments-opened=\"0\" data-image-meta=\"{&quot;aperture&quot;:&quot;0&quot;,&quot;credit&quot;:&quot;&quot;,&quot;camera&quot;:&quot;&quot;,&quot;caption&quot;:&quot;&quot;,&quot;created_timestamp&quot;:&quot;0&quot;,&quot;copyright&quot;:&quot;&quot;,&quot;focal_length&quot;:&quot;0&quot;,&quot;iso&quot;:&quot;0&quot;,&quot;shutter_speed&quot;:&quot;0&quot;,&quot;title&quot;:&quot;&quot;,&quot;orientation&quot;:&quot;0&quot;}\" data-image-title=\"JSG U13\" data-image-description=\"\" data-image-caption=\"\" data-large-file=\"https:\/\/i0.wp.com\/www.jsg-niedergrafschaft.de\/web\/wp-content\/uploads\/2022\/08\/jsg-logo-u13.png?fit=700%2C109&amp;ssl=1\" class=\"wp-image-839\" style=\"width: 300px;\" src=\"https:\/\/i0.wp.com\/www.jsg-niedergrafschaft.de\/web\/wp-content\/uploads\/2022\/08\/jsg-logo-u13.png?resize=300%2C47&#038;ssl=1\" alt=\"\" srcset=\"https:\/\/i0.wp.com\/www.jsg-niedergrafschaft.de\/web\/wp-content\/uploads\/2022\/08\/jsg-logo-u13.png?w=700&amp;ssl=1 700w, https:\/\/i0.wp.com\/www.jsg-niedergrafschaft.de\/web\/wp-content\/uploads\/2022\/08\/jsg-logo-u13.png?resize=300%2C47&amp;ssl=1 300w\" sizes=\"auto, (max-width: 300px) 100vw, 300px\" \/><\/a><\/p>\n\n\n\n<h6 class=\"wp-block-heading\">U13: 3:1 Sieg im Derby<\/h6>\n\n\n\n<figure class=\"wp-block-image size-full\"><a href=\"https:\/\/www.fussball.de\/spiel\/jsg-niedergrafschaft-u13-jsg-asc-uelsen-d1\/-\/spiel\/031BPI4STK000000VS5489BTVUS470OH\" target=\"_blank\" rel=\" noopener\"><img data-recalc-dims=\"1\" loading=\"lazy\" decoding=\"async\" width=\"859\" height=\"99\" data-attachment-id=\"7982\" data-permalink=\"https:\/\/www.jsg-niedergrafschaft.de\/web\/ergebnisse-vom-29-08-03-09\/image-528\/\" data-orig-file=\"https:\/\/i0.wp.com\/www.jsg-niedergrafschaft.de\/web\/wp-content\/uploads\/2026\/09\/image-2.png?fit=859%2C99&amp;ssl=1\" data-orig-size=\"859,99\" data-comments-opened=\"0\" data-image-meta=\"{&quot;aperture&quot;:&quot;0&quot;,&quot;credit&quot;:&quot;&quot;,&quot;camera&quot;:&quot;&quot;,&quot;caption&quot;:&quot;&quot;,&quot;created_timestamp&quot;:&quot;0&quot;,&quot;copyright&quot;:&quot;&quot;,&quot;focal_length&quot;:&quot;0&quot;,&quot;iso&quot;:&quot;0&quot;,&quot;shutter_speed&quot;:&quot;0&quot;,&quot;title&quot;:&quot;&quot;,&quot;orientation&quot;:&quot;0&quot;,&quot;alt&quot;:&quot;&quot;}\" data-image-title=\"image\" data-image-description=\"\" data-image-caption=\"\" data-large-file=\"https:\/\/i0.wp.com\/www.jsg-niedergrafschaft.de\/web\/wp-content\/uploads\/2026\/09\/image-2.png?fit=859%2C99&amp;ssl=1\" src=\"https:\/\/i0.wp.com\/www.jsg-niedergrafschaft.de\/web\/wp-content\/uploads\/2026\/09\/image-2.png?resize=859%2C99&#038;ssl=1\" alt=\"\" class=\"wp-image-7982\" srcset=\"https:\/\/i0.wp.com\/www.jsg-niedergrafschaft.de\/web\/wp-content\/uploads\/2026\/09\/image-2.png?w=859&amp;ssl=1 859w, https:\/\/i0.wp.com\/www.jsg-niedergrafschaft.de\/web\/wp-content\/uploads\/2026\/09\/image-2.png?resize=300%2C35&amp;ssl=1 300w, https:\/\/i0.wp.com\/www.jsg-niedergrafschaft.de\/web\/wp-content\/uploads\/2026\/09\/image-2.png?resize=764%2C88&amp;ssl=1 764w\" sizes=\"auto, (max-width: 859px) 100vw, 859px\" \/><\/a><\/figure>\n\n\n\n<p class=\"wp-block-paragraph\">Im 2. Saisonspiel war unsere U13 erneut erfolgreich. Die JSG ASC\/Uelsen wurde mit 3:1 besiegt. Ein verdienter Sieg nach einer \u00fcberzeugenden Leistung des gesamten Teams. Der Gegner hat kaum Chancen und war mit einem sehenswerten Schu\u00df aus der Distanz erfolgreich.<br><br>\u00dcber weite Strecken des Spiels bestimmte unsere U13 das Geschehen. Durch eine sch\u00f6ne Einzelleistung von Henrik gingen wir in F\u00fchrung. Weitere Chancen konnten wir nicht nutzen, u.a. ein Schu\u00df von Tom an den Innenpfosten. Dass 2:0 war sch\u00f6n herausgespielt \u00fcber Jan, der f\u00fcr Joni den Ball perfekt vorbereitete und Joni zum Torerfolg abschloss. Der dritte Treffer war ebenfalls sehr sch\u00f6n herausgespielt. Dieses Mal legte Milian perfekt f\u00fcr Tim auf, der dann das dritte Tor erzielte.<br>Dass n\u00e4chste Spiel ist bereits am Dienstag beim VFL WE NOH.<\/p>\n\n\n\n<h5 class=\"wp-block-heading\">Michael Weggebakker<\/h5>\n\n\n\n<hr class=\"wp-block-separator has-alpha-channel-opacity is-style-wide\"\/>\n\n\n\n<h5 class=\"wp-block-heading\"><a href=\"https:\/\/www.jsg-niedergrafschaft.de\/web\/die-mannschaften\/u15\/\"><img data-recalc-dims=\"1\" loading=\"lazy\" decoding=\"async\" width=\"300\" height=\"47\" data-attachment-id=\"838\" data-permalink=\"https:\/\/www.jsg-niedergrafschaft.de\/web\/die-mannschaften\/u17-22-23\/jsg-logo-u15\/\" data-orig-file=\"https:\/\/i0.wp.com\/www.jsg-niedergrafschaft.de\/web\/wp-content\/uploads\/2022\/08\/jsg-logo-u15.png?fit=700%2C109&amp;ssl=1\" data-orig-size=\"700,109\" data-comments-opened=\"0\" data-image-meta=\"{&quot;aperture&quot;:&quot;0&quot;,&quot;credit&quot;:&quot;&quot;,&quot;camera&quot;:&quot;&quot;,&quot;caption&quot;:&quot;&quot;,&quot;created_timestamp&quot;:&quot;0&quot;,&quot;copyright&quot;:&quot;&quot;,&quot;focal_length&quot;:&quot;0&quot;,&quot;iso&quot;:&quot;0&quot;,&quot;shutter_speed&quot;:&quot;0&quot;,&quot;title&quot;:&quot;&quot;,&quot;orientation&quot;:&quot;0&quot;}\" data-image-title=\"JSG U15\" data-image-description=\"\" data-image-caption=\"\" data-large-file=\"https:\/\/i0.wp.com\/www.jsg-niedergrafschaft.de\/web\/wp-content\/uploads\/2022\/08\/jsg-logo-u15.png?fit=700%2C109&amp;ssl=1\" class=\"wp-image-838\" style=\"width: 300px;\" src=\"https:\/\/i0.wp.com\/www.jsg-niedergrafschaft.de\/web\/wp-content\/uploads\/2022\/08\/jsg-logo-u15.png?resize=300%2C47&#038;ssl=1\" alt=\"\" srcset=\"https:\/\/i0.wp.com\/www.jsg-niedergrafschaft.de\/web\/wp-content\/uploads\/2022\/08\/jsg-logo-u15.png?w=700&amp;ssl=1 700w, https:\/\/i0.wp.com\/www.jsg-niedergrafschaft.de\/web\/wp-content\/uploads\/2022\/08\/jsg-logo-u15.png?resize=300%2C47&amp;ssl=1 300w\" sizes=\"auto, (max-width: 300px) 100vw, 300px\" \/><\/a><\/h5>\n\n\n\n<h6 id=\"bericht-u17\" class=\"wp-block-heading\" style=\"font-size:16px\">U15: Heimsieg gegen Listrup\/Leschede\/Emsb\u00fcren<\/h6>\n\n\n\n<figure class=\"wp-block-image size-full\"><a href=\"https:\/\/www.fussball.de\/spiel\/jsg-niedergrafschaft-hoogstede-jsg-listrup-leschede-emsbueren\/-\/spiel\/031D287I6G000000VS5489BTVUS470OH\" target=\"_blank\" rel=\" noopener\"><img data-recalc-dims=\"1\" loading=\"lazy\" decoding=\"async\" width=\"852\" height=\"97\" data-attachment-id=\"7976\" data-permalink=\"https:\/\/www.jsg-niedergrafschaft.de\/web\/ergebnisse-vom-29-08-03-09\/image-526\/\" data-orig-file=\"https:\/\/i0.wp.com\/www.jsg-niedergrafschaft.de\/web\/wp-content\/uploads\/2026\/09\/image.png?fit=852%2C97&amp;ssl=1\" data-orig-size=\"852,97\" data-comments-opened=\"0\" data-image-meta=\"{&quot;aperture&quot;:&quot;0&quot;,&quot;credit&quot;:&quot;&quot;,&quot;camera&quot;:&quot;&quot;,&quot;caption&quot;:&quot;&quot;,&quot;created_timestamp&quot;:&quot;0&quot;,&quot;copyright&quot;:&quot;&quot;,&quot;focal_length&quot;:&quot;0&quot;,&quot;iso&quot;:&quot;0&quot;,&quot;shutter_speed&quot;:&quot;0&quot;,&quot;title&quot;:&quot;&quot;,&quot;orientation&quot;:&quot;0&quot;,&quot;alt&quot;:&quot;&quot;}\" data-image-title=\"image\" data-image-description=\"\" data-image-caption=\"\" data-large-file=\"https:\/\/i0.wp.com\/www.jsg-niedergrafschaft.de\/web\/wp-content\/uploads\/2026\/09\/image.png?fit=852%2C97&amp;ssl=1\" src=\"https:\/\/i0.wp.com\/www.jsg-niedergrafschaft.de\/web\/wp-content\/uploads\/2026\/09\/image.png?resize=852%2C97&#038;ssl=1\" alt=\"\" class=\"wp-image-7976\" srcset=\"https:\/\/i0.wp.com\/www.jsg-niedergrafschaft.de\/web\/wp-content\/uploads\/2026\/09\/image.png?w=852&amp;ssl=1 852w, https:\/\/i0.wp.com\/www.jsg-niedergrafschaft.de\/web\/wp-content\/uploads\/2026\/09\/image.png?resize=300%2C34&amp;ssl=1 300w, https:\/\/i0.wp.com\/www.jsg-niedergrafschaft.de\/web\/wp-content\/uploads\/2026\/09\/image.png?resize=764%2C87&amp;ssl=1 764w\" sizes=\"auto, (max-width: 852px) 100vw, 852px\" \/><\/a><\/figure>\n\n\n\n<p class=\"wp-block-paragraph\">Freitagabend letzte Woche, Nebenplatz Hoogstede, bestes Fu\u00dfballwetter: Bis auf Anouk waren \u201ealle Mann an Bord\u201c und gef\u00fchlt 100 Zuschauer sorgten f\u00fcr eine tolle Kulisse. Das waren die Voraussetzungen f\u00fcr einen Heimsieg gegen die JSG Listrup\/Leschede\/Emsb\u00fcren. Die Motivation war riesig, schlie\u00dflich hatte man gegen die Emsl\u00e4nder in der Vorsaison noch m\u00e4chtig gelitten. <br>Wir starteten nerv\u00f6s und anfangs kamen die G\u00e4ste besser ins Spiel. So war die F\u00fchrung der Emsl\u00e4nder in der 10. Minute verdient. Es dauerte eine Weile, bis wir ins Spiel fanden und erste Chancen kreierten. Durch einen tollen Angriff \u00fcber die rechte Seite gelang Hamza in der 26. Minute der wichtige Ausgleich vor der Pause. <br><br>In der zweiten Halbzeit konnten wir unser Spiel deutlich verbessern. Hinten standen wir sicher und nach vorne gelangen uns gute Angriffe. Joe nutzte eine M\u00f6glichkeit zum 2:1 (48. Minute) und Fabian erh\u00f6hte noch auf 3:1 (67. Minute). Leider musste Justus verletzungsbedingt raus, und Klevi klagte nach dem Spiel \u00fcber Schmerzen im Oberschenkel. Gute Besserung, Jungs. Zum \u201eMan of the Match\u201c wurde Joe gew\u00e4hlt. Auch wenn spielerisch sicherlich noch Luft nach oben ist, kann sich der Saisonstart mit sieben Punkten aus drei Spielen absolut sehen lassen. <br><br>Vor der Mannschaft liegen nun zwei echte Highlights: Zun\u00e4chst empfangen wir im Bezirkspokal den Landesligisten JFV Leer, bevor es im n\u00e4chsten Meisterschaftsspiel zum noch verlustpunktfreien Spitzenreiter JSG Geeste geht.<\/p>\n\n\n\n<div class=\"sw-embed\" style=\"width:100%\"><iframe class=\"sw-iframe\" src=\"https:\/\/staige.tv\/embed\/video\/578991\/highlight\" style=\"width:100%;height:100%\" frameborder=\"0\" allowfullscreen><\/iframe><\/div>\t<script>window.swResize = function(){var mapElements = document.getElementsByClassName(\"sw-embed\");for (let i = 0; i < mapElements.length; i++) {const mapElement = mapElements[i];mapElement.style.height = \"\" + ((mapElement.scrollWidth \/ 16 * 9)) + \"px\"}};window.swResize();window.addEventListener(\"resize\", function (e) {window.swResize();});<\/script>\n\n\n\n<h5 class=\"wp-block-heading\">J\u00fcrgen Gosink<\/h5>\n\n\n\n<hr class=\"wp-block-separator has-alpha-channel-opacity is-style-wide\"\/>\n\n\n\n<h5 class=\"wp-block-heading has-medium-font-size\" style=\"font-style:normal;font-weight:200\"><a href=\"https:\/\/www.jsg-niedergrafschaft.de\/web\/die-mannschaften\/u17\/\" target=\"_blank\" rel=\"noreferrer noopener\"><img data-recalc-dims=\"1\" loading=\"lazy\" decoding=\"async\" width=\"300\" height=\"46\" data-attachment-id=\"732\" data-permalink=\"https:\/\/www.jsg-niedergrafschaft.de\/web\/jsg-logo-u17-elemental\/\" data-orig-file=\"https:\/\/i0.wp.com\/www.jsg-niedergrafschaft.de\/web\/wp-content\/uploads\/2022\/08\/jsg-logo-u17-elemental-e1660911760783.png?fit=854%2C130&amp;ssl=1\" data-orig-size=\"854,130\" data-comments-opened=\"0\" data-image-meta=\"{&quot;aperture&quot;:&quot;0&quot;,&quot;credit&quot;:&quot;&quot;,&quot;camera&quot;:&quot;&quot;,&quot;caption&quot;:&quot;&quot;,&quot;created_timestamp&quot;:&quot;0&quot;,&quot;copyright&quot;:&quot;&quot;,&quot;focal_length&quot;:&quot;0&quot;,&quot;iso&quot;:&quot;0&quot;,&quot;shutter_speed&quot;:&quot;0&quot;,&quot;title&quot;:&quot;&quot;,&quot;orientation&quot;:&quot;0&quot;}\" data-image-title=\"jsg-logo-u17\" data-image-description=\"\" data-image-caption=\"\" data-large-file=\"https:\/\/i0.wp.com\/www.jsg-niedergrafschaft.de\/web\/wp-content\/uploads\/2022\/08\/jsg-logo-u17-elemental-e1660911760783.png?fit=724%2C1024&amp;ssl=1\" class=\"wp-image-732\" style=\"width: 300px;\" src=\"https:\/\/i0.wp.com\/www.jsg-niedergrafschaft.de\/web\/wp-content\/uploads\/2022\/08\/jsg-logo-u17-elemental-e1660911760783.png?resize=300%2C46&#038;ssl=1\" alt=\"JSG U17\" srcset=\"https:\/\/i0.wp.com\/www.jsg-niedergrafschaft.de\/web\/wp-content\/uploads\/2022\/08\/jsg-logo-u17-elemental-e1660911760783.png?w=854&amp;ssl=1 854w, https:\/\/i0.wp.com\/www.jsg-niedergrafschaft.de\/web\/wp-content\/uploads\/2022\/08\/jsg-logo-u17-elemental-e1660911760783.png?resize=300%2C46&amp;ssl=1 300w, https:\/\/i0.wp.com\/www.jsg-niedergrafschaft.de\/web\/wp-content\/uploads\/2022\/08\/jsg-logo-u17-elemental-e1660911760783.png?resize=768%2C117&amp;ssl=1 768w\" sizes=\"auto, (max-width: 300px) 100vw, 300px\" \/><\/a><\/h5>\n\n\n\n<h6 id=\"bericht-u17\" class=\"wp-block-heading\" style=\"font-size:16px\">U17: Bittere Niederlage in Bad Bentheim<\/h6>\n\n\n\n<figure class=\"wp-block-image size-full\"><a href=\"https:\/\/www.fussball.de\/spiel\/jsg-gildehaus-bentheim-jsg-niedergrafschaft-emlichheim\/-\/spiel\/031D2USCJ8000000VS5489BTVUS470OH\" target=\"_blank\" rel=\" noopener\"><img data-recalc-dims=\"1\" loading=\"lazy\" decoding=\"async\" width=\"853\" height=\"94\" data-attachment-id=\"7984\" data-permalink=\"https:\/\/www.jsg-niedergrafschaft.de\/web\/ergebnisse-vom-29-08-03-09\/image-530\/\" data-orig-file=\"https:\/\/i0.wp.com\/www.jsg-niedergrafschaft.de\/web\/wp-content\/uploads\/2026\/09\/image-4.png?fit=853%2C94&amp;ssl=1\" data-orig-size=\"853,94\" data-comments-opened=\"0\" data-image-meta=\"{&quot;aperture&quot;:&quot;0&quot;,&quot;credit&quot;:&quot;&quot;,&quot;camera&quot;:&quot;&quot;,&quot;caption&quot;:&quot;&quot;,&quot;created_timestamp&quot;:&quot;0&quot;,&quot;copyright&quot;:&quot;&quot;,&quot;focal_length&quot;:&quot;0&quot;,&quot;iso&quot;:&quot;0&quot;,&quot;shutter_speed&quot;:&quot;0&quot;,&quot;title&quot;:&quot;&quot;,&quot;orientation&quot;:&quot;0&quot;,&quot;alt&quot;:&quot;&quot;}\" data-image-title=\"image\" data-image-description=\"\" data-image-caption=\"\" data-large-file=\"https:\/\/i0.wp.com\/www.jsg-niedergrafschaft.de\/web\/wp-content\/uploads\/2026\/09\/image-4.png?fit=853%2C94&amp;ssl=1\" src=\"https:\/\/i0.wp.com\/www.jsg-niedergrafschaft.de\/web\/wp-content\/uploads\/2026\/09\/image-4.png?resize=853%2C94&#038;ssl=1\" alt=\"\" class=\"wp-image-7984\" srcset=\"https:\/\/i0.wp.com\/www.jsg-niedergrafschaft.de\/web\/wp-content\/uploads\/2026\/09\/image-4.png?w=853&amp;ssl=1 853w, https:\/\/i0.wp.com\/www.jsg-niedergrafschaft.de\/web\/wp-content\/uploads\/2026\/09\/image-4.png?resize=300%2C33&amp;ssl=1 300w, https:\/\/i0.wp.com\/www.jsg-niedergrafschaft.de\/web\/wp-content\/uploads\/2026\/09\/image-4.png?resize=762%2C84&amp;ssl=1 762w\" sizes=\"auto, (max-width: 853px) 100vw, 853px\" \/><\/a><\/figure>\n\n\n\n<p class=\"wp-block-paragraph\">Im diesem Spiel haben beide Teams ihre Chancen gehabt aber auch lange Zeit nicht nutzen k\u00f6nnen. Erst in der Nachspielzeit gelang es der Heimmannschaft das entscheidende Tor zu erzielen. Um so bitterer f\u00fcr uns, weil wir in der Schlussphase der 2. H\u00e4lfte noch mal alles nach vorne geworfen haben und uns viele Torchancen herausgespielt haben. <br><br>Am Sonntag, 06.09.2026 spielen wir unser n\u00e4chstes Heimspiel in Laarwald um 13 Uhr gegen Olympia Laxten II.<\/p>\n\n\n\n<h5 class=\"wp-block-heading\">J\u00fcrgen Wolters<\/h5>\n\n\n\n<hr class=\"wp-block-separator has-alpha-channel-opacity is-style-wide\"\/>\n\n\n\n<h5 class=\"wp-block-heading has-medium-font-size\" style=\"font-style:normal;font-weight:200\"><a href=\"https:\/\/www.jsg-niedergrafschaft.de\/web\/die-mannschaften\/u19\/\" target=\"_blank\" rel=\"noreferrer noopener\"><img data-recalc-dims=\"1\" loading=\"lazy\" decoding=\"async\" width=\"300\" height=\"47\" data-attachment-id=\"837\" data-permalink=\"https:\/\/www.jsg-niedergrafschaft.de\/web\/die-mannschaften\/u17-22-23\/jsg-logo-u19\/\" data-orig-file=\"https:\/\/i0.wp.com\/www.jsg-niedergrafschaft.de\/web\/wp-content\/uploads\/2022\/08\/jsg-logo-u19.png?fit=700%2C109&amp;ssl=1\" data-orig-size=\"700,109\" data-comments-opened=\"0\" data-image-meta=\"{&quot;aperture&quot;:&quot;0&quot;,&quot;credit&quot;:&quot;&quot;,&quot;camera&quot;:&quot;&quot;,&quot;caption&quot;:&quot;&quot;,&quot;created_timestamp&quot;:&quot;0&quot;,&quot;copyright&quot;:&quot;&quot;,&quot;focal_length&quot;:&quot;0&quot;,&quot;iso&quot;:&quot;0&quot;,&quot;shutter_speed&quot;:&quot;0&quot;,&quot;title&quot;:&quot;&quot;,&quot;orientation&quot;:&quot;0&quot;}\" data-image-title=\"JSG U19\" data-image-description=\"\" data-image-caption=\"\" data-large-file=\"https:\/\/i0.wp.com\/www.jsg-niedergrafschaft.de\/web\/wp-content\/uploads\/2022\/08\/jsg-logo-u19.png?fit=700%2C109&amp;ssl=1\" class=\"wp-image-837\" style=\"width: 300px;\" src=\"https:\/\/i0.wp.com\/www.jsg-niedergrafschaft.de\/web\/wp-content\/uploads\/2022\/08\/jsg-logo-u19.png?resize=300%2C47&#038;ssl=1\" alt=\"\" srcset=\"https:\/\/i0.wp.com\/www.jsg-niedergrafschaft.de\/web\/wp-content\/uploads\/2022\/08\/jsg-logo-u19.png?w=700&amp;ssl=1 700w, https:\/\/i0.wp.com\/www.jsg-niedergrafschaft.de\/web\/wp-content\/uploads\/2022\/08\/jsg-logo-u19.png?resize=300%2C47&amp;ssl=1 300w\" sizes=\"auto, (max-width: 300px) 100vw, 300px\" \/><\/a><\/h5>\n\n\n\n<h6 class=\"wp-block-heading\" style=\"font-size:16px\">0:4 Niederlage der U19 f\u00e4llt deutlich zu hoch aus<\/h6>\n\n\n\n<figure class=\"wp-block-image size-full\"><a href=\"https:\/\/www.fussball.de\/spiel\/jsg-niedergrafschaft-emlichheim-vfl-weisse-elf-nordhorn\/-\/spiel\/031D2JMHTG000000VS5489BTVUS470OH\" target=\"_blank\" rel=\" noopener\"><img data-recalc-dims=\"1\" loading=\"lazy\" decoding=\"async\" width=\"857\" height=\"97\" data-attachment-id=\"7983\" data-permalink=\"https:\/\/www.jsg-niedergrafschaft.de\/web\/ergebnisse-vom-29-08-03-09\/image-529\/\" data-orig-file=\"https:\/\/i0.wp.com\/www.jsg-niedergrafschaft.de\/web\/wp-content\/uploads\/2026\/09\/image-3.png?fit=857%2C97&amp;ssl=1\" data-orig-size=\"857,97\" data-comments-opened=\"0\" data-image-meta=\"{&quot;aperture&quot;:&quot;0&quot;,&quot;credit&quot;:&quot;&quot;,&quot;camera&quot;:&quot;&quot;,&quot;caption&quot;:&quot;&quot;,&quot;created_timestamp&quot;:&quot;0&quot;,&quot;copyright&quot;:&quot;&quot;,&quot;focal_length&quot;:&quot;0&quot;,&quot;iso&quot;:&quot;0&quot;,&quot;shutter_speed&quot;:&quot;0&quot;,&quot;title&quot;:&quot;&quot;,&quot;orientation&quot;:&quot;0&quot;,&quot;alt&quot;:&quot;&quot;}\" data-image-title=\"image\" data-image-description=\"\" data-image-caption=\"\" data-large-file=\"https:\/\/i0.wp.com\/www.jsg-niedergrafschaft.de\/web\/wp-content\/uploads\/2026\/09\/image-3.png?fit=857%2C97&amp;ssl=1\" src=\"https:\/\/i0.wp.com\/www.jsg-niedergrafschaft.de\/web\/wp-content\/uploads\/2026\/09\/image-3.png?resize=857%2C97&#038;ssl=1\" alt=\"\" class=\"wp-image-7983\" srcset=\"https:\/\/i0.wp.com\/www.jsg-niedergrafschaft.de\/web\/wp-content\/uploads\/2026\/09\/image-3.png?w=857&amp;ssl=1 857w, https:\/\/i0.wp.com\/www.jsg-niedergrafschaft.de\/web\/wp-content\/uploads\/2026\/09\/image-3.png?resize=300%2C34&amp;ssl=1 300w, https:\/\/i0.wp.com\/www.jsg-niedergrafschaft.de\/web\/wp-content\/uploads\/2026\/09\/image-3.png?resize=760%2C86&amp;ssl=1 760w\" sizes=\"auto, (max-width: 857px) 100vw, 857px\" \/><\/a><\/figure>\n\n\n\n<p class=\"wp-block-paragraph\">Am Ende steht eine deutliche 4:0-Niederlage auf der Anzeigetafel, die in dieser H\u00f6he allerdings keineswegs den Spielverlauf widerspiegelt. \u00dcber weite Strecken zeigte unsere Mannschaft eine ordentliche Leistung, belohnte sich aber nicht f\u00fcr den eigenen Aufwand und war in den entscheidenden Situationen nicht clever und abgezockt genug.<\/p>\n\n\n\n<p class=\"wp-block-paragraph\">Die Gastgeber erwischten den besseren Start und gingen bereits fr\u00fch mit 1:0 in F\u00fchrung. Anschlie\u00dfend waren sie lange Zeit die spielbestimmende Mannschaft und setzten uns ordentlich unter Druck. Unsere Mannschaft hielt dagegen und fand im Laufe der ersten Halbzeit immer besser ins Spiel. Gerade zu Beginn der zweiten H\u00e4lfte boten sich dann zwei bis drei richtig gute M\u00f6glichkeiten, bei denen wir uns eigentlich f\u00fcr unseren Aufwand h\u00e4tten belohnen m\u00fcssen. Doch das n\u00f6tige Qu\u00e4ntchen Konsequenz im Abschluss fehlte.<\/p>\n\n\n\n<p class=\"wp-block-paragraph\">Stattdessen fiel auf der anderen Seite das 2:0. Unsere Mannschaft gab sich jedoch nicht auf und versuchte weiterhin, \u00fcber Pressing und offensives Anlaufen Druck aufzubauen. Genau aus dieser Situation heraus liefen wir dann allerdings in einen Konter und mussten das 3:0 hinnehmen.<\/p>\n\n\n\n<p class=\"wp-block-paragraph\">In der Schlussphase warfen wir noch einmal alles nach vorne, um zumindest den Anschlusstreffer zu erzielen. Dadurch entstanden R\u00e4ume, die der Gegner nutzen konnte. Das 4:0 fiel schlie\u00dflich nach einem langen Abschlag, bei dem sich unser Torwart versch\u00e4tzte.<\/p>\n\n\n\n<p class=\"wp-block-paragraph\">So steht am Ende eine 4:0-Niederlage, die aufgrund unserer fehlenden Cleverness in den entscheidenden Momenten zwar verdient ist, aber definitiv zu hoch ausf\u00e4llt. Wir hatten durchaus unsere M\u00f6glichkeiten, konnten diese aber nicht nutzen und machten es dem Gegner durch zwei individuelle Fehler zus\u00e4tzlich leicht, das Ergebnis in die H\u00f6he zu schrauben.<\/p>\n\n\n\n<div class=\"sw-embed\" style=\"width:100%\"><iframe class=\"sw-iframe\" src=\"https:\/\/staige.tv\/embed\/video\/579385\/highlight\" style=\"width:100%;height:100%\" frameborder=\"0\" allowfullscreen><\/iframe><\/div>\t<script>window.swResize = function(){var mapElements = document.getElementsByClassName(\"sw-embed\");for (let i = 0; i < mapElements.length; i++) {const mapElement = mapElements[i];mapElement.style.height = \"\" + ((mapElement.scrollWidth \/ 16 * 9)) + \"px\"}};window.swResize();window.addEventListener(\"resize\", function (e) {window.swResize();});<\/script>\n\n\n\n<p class=\"wp-block-paragraph\">Jetzt hei\u00dft es, die Niederlage abzuhaken und den Fokus schnell wieder nach vorne zu richten. Bereits am kommenden Mittwoch geht es im Pokal weiter gegen den Landesligisten aus JSG Kloster Oesede\/Harderberg\u2013 dort wollen wir es besser machen und wieder ein anderes Gesicht.<\/p>\n\n\n\n<h5 class=\"wp-block-heading\">Luca Brinkers<\/h5>\n\n\n\n<hr class=\"wp-block-separator has-alpha-channel-opacity is-style-wide\"\/>\n\n\n\n<h5 class=\"wp-block-heading has-text-align-left has-small-font-size\"><sub>Zusammenstellung des Berichtes von Dieter Veldhuis<\/sub><\/h5>\n\n\n\n<p class=\"has-text-align-right wp-block-paragraph\"><a href=\"#\">nach oben <img data-recalc-dims=\"1\" loading=\"lazy\" decoding=\"async\" width=\"23\" height=\"30\" data-attachment-id=\"3304\" data-permalink=\"https:\/\/www.jsg-niedergrafschaft.de\/web\/berichte-von-den-montagsspielen-u15-und-u13\/pfeil-oben-30\/\" data-orig-file=\"https:\/\/i0.wp.com\/www.jsg-niedergrafschaft.de\/web\/wp-content\/uploads\/2023\/08\/Pfeil-oben-30.png?fit=23%2C30&amp;ssl=1\" data-orig-size=\"23,30\" data-comments-opened=\"0\" data-image-meta=\"{&quot;aperture&quot;:&quot;0&quot;,&quot;credit&quot;:&quot;&quot;,&quot;camera&quot;:&quot;&quot;,&quot;caption&quot;:&quot;&quot;,&quot;created_timestamp&quot;:&quot;0&quot;,&quot;copyright&quot;:&quot;&quot;,&quot;focal_length&quot;:&quot;0&quot;,&quot;iso&quot;:&quot;0&quot;,&quot;shutter_speed&quot;:&quot;0&quot;,&quot;title&quot;:&quot;&quot;,&quot;orientation&quot;:&quot;0&quot;}\" data-image-title=\"Pfeil-oben-30\" data-image-description=\"\" data-image-caption=\"\" data-large-file=\"https:\/\/i0.wp.com\/www.jsg-niedergrafschaft.de\/web\/wp-content\/uploads\/2023\/08\/Pfeil-oben-30.png?fit=23%2C30&amp;ssl=1\" class=\"wp-image-3304\" style=\"width: 23px;\" src=\"https:\/\/i0.wp.com\/www.jsg-niedergrafschaft.de\/web\/wp-content\/uploads\/2023\/08\/Pfeil-oben-30.png?resize=23%2C30&#038;ssl=1\" alt=\"\"><\/a><\/p>\n","protected":false},"excerpt":{"rendered":"<p>Es geht weiter &#8211; hier mit einigen Berichten von Spielen der JSG-Auswahlteams in den letzten Tagen<\/p>\n","protected":false},"author":3,"featured_media":7985,"comment_status":"closed","ping_status":"closed","sticky":false,"template":"","format":"standard","meta":{"neve_meta_sidebar":"","neve_meta_container":"","neve_meta_enable_content_width":"","neve_meta_content_width":0,"neve_meta_title_alignment":"","neve_meta_author_avatar":"","neve_post_elements_order":"[\"title\",\"meta\",\"content\",\"tags\"]","neve_meta_disable_header":"","neve_meta_disable_footer":"","neve_meta_disable_title":"","_jetpack_newsletter_access":"","_jetpack_dont_email_post_to_subs":false,"_jetpack_newsletter_tier_id":0,"_jetpack_memberships_contains_paywalled_content":false,"_jetpack_feature_clip_id":0,"_jetpack_memberships_contains_paid_content":false,"footnotes":"","jetpack_publicize_message":"","jetpack_publicize_feature_enabled":true,"jetpack_social_post_already_shared":true,"jetpack_social_options":{"image_generator_settings":{"template":"highway","default_image_id":0,"font":"","enabled":false},"version":2},"jetpack_post_was_ever_published":false},"categories":[1],"tags":[18,19,20,16,21],"class_list":["post-7975","post","type-post","status-publish","format-standard","has-post-thumbnail","hentry","category-allgemeines","tag-u12","tag-u13","tag-u15","tag-u17","tag-u19"],"jetpack_publicize_connections":[],"jetpack_sharing_enabled":true,"jetpack_featured_media_url":"https:\/\/i0.wp.com\/www.jsg-niedergrafschaft.de\/web\/wp-content\/uploads\/2026\/09\/image-5.png?fit=1044%2C426&ssl=1","_links":{"self":[{"href":"https:\/\/www.jsg-niedergrafschaft.de\/web\/wp-json\/wp\/v2\/posts\/7975","targetHints":{"allow":["GET"]}}],"collection":[{"href":"https:\/\/www.jsg-niedergrafschaft.de\/web\/wp-json\/wp\/v2\/posts"}],"about":[{"href":"https:\/\/www.jsg-niedergrafschaft.de\/web\/wp-json\/wp\/v2\/types\/post"}],"author":[{"embeddable":true,"href":"https:\/\/www.jsg-niedergrafschaft.de\/web\/wp-json\/wp\/v2\/users\/3"}],"replies":[{"embeddable":true,"href":"https:\/\/www.jsg-niedergrafschaft.de\/web\/wp-json\/wp\/v2\/comments?post=7975"}],"version-history":[{"count":3,"href":"https:\/\/www.jsg-niedergrafschaft.de\/web\/wp-json\/wp\/v2\/posts\/7975\/revisions"}],"predecessor-version":[{"id":7986,"href":"https:\/\/www.jsg-niedergrafschaft.de\/web\/wp-json\/wp\/v2\/posts\/7975\/revisions\/7986"}],"wp:featuredmedia":[{"embeddable":true,"href":"https:\/\/www.jsg-niedergrafschaft.de\/web\/wp-json\/wp\/v2\/media\/7985"}],"wp:attachment":[{"href":"https:\/\/www.jsg-niedergrafschaft.de\/web\/wp-json\/wp\/v2\/media?parent=7975"}],"wp:term":[{"taxonomy":"category","embeddable":true,"href":"https:\/\/www.jsg-niedergrafschaft.de\/web\/wp-json\/wp\/v2\/categories?post=7975"},{"taxonomy":"post_tag","embeddable":true,"href":"https:\/\/www.jsg-niedergrafschaft.de\/web\/wp-json\/wp\/v2\/tags?post=7975"}],"curies":[{"name":"wp","href":"https:\/\/api.w.org\/{rel}","templated":true}]}}