{"id":7453,"date":"2026-01-26T12:58:01","date_gmt":"2026-01-26T11:58:01","guid":{"rendered":"https:\/\/www.jsg-niedergrafschaft.de\/web\/?p=7453"},"modified":"2026-01-26T14:42:41","modified_gmt":"2026-01-26T13:42:41","slug":"u17-hatte-premiere-bei-den-hbm-weser-ems","status":"publish","type":"post","link":"https:\/\/www.jsg-niedergrafschaft.de\/web\/u17-hatte-premiere-bei-den-hbm-weser-ems\/","title":{"rendered":"U17 hatte Premiere bei den HBM Weser-Ems"},"content":{"rendered":"\n<p>Am gestrigen Sonntag durfte die U17 der JSG Niedergrafschaft die Grafschaft Bentheim bei den HBM Weser Ems im Futsal vertreten. Das war f\u00fcr unsere JSG Niedergrafschaft erstmalig der Fall &#8211; in der kommenden Woche darf die U15 ebenfalls ran &#8211; und spielt in Visbek bei der HBM der C-Jugend.<\/p>\n\n\n\n<p>Letztlich haben wir gestern leider nur einen Punkt einfahren k\u00f6nnen. Die Jungs haben toll gek\u00e4mpft, vollen Einsatz gezeigt und auch spielerisch \u00fcberzeugt. Letztlich war es eine knappe Kiste in unserer Gruppe, denn in zwei der drei Spiele lagen wir mehrfach vorne &#8211; haben uns aber f\u00fcr tolle Spiele selber nicht belohnt &#8211; das war am Ende nat\u00fcrlich sehr schade.<br>F\u00fcr die Jungs war es eine tolle Erfahrung, denn alle Teams die gestern angetreten waren, zeigten technisch hochwertigen Fu\u00dfball mit tollen Technikern in den Reihen. Bei uns fehlten gestern 10 (!) Stammspieler vor allem aufgrund Grippe und Influenza &#8211; viele auch aus dem \u00e4lteren Jahrgang. Ausgeholfen &#8211; und viel Spielzeit erhalten &#8211; hat Robin Scholten aus der U15 &#8211; vielen Dank daf\u00fcr. <br>Das ganze Drumherum und vor allem die umfangreichen Futsal-Regeln mit dem Einsatz von 3 Schiedsrichtern und besonderen Regeln wie z.B. eine Auszeit nehmen zu k\u00f6nnen, die wir in den normalen Turnieren sonst so nicht kennen, waren schon echt interessant und ein Erlebnis f\u00fcr Team und Trainer.<br><br>In unserer Gruppe setzten sich GW Brockdorf und TuS Eversten durch. Das war \u00fcberraschend, denn der JFV Cloppenburg war gef\u00fchlt das spielerisch und technisch beste Team in der Gruppe B &#8211; so kann es gehen in der Halle. Wir starteten mit einer klaren Niederlage gegen Cloppenburg, zwischenzeitlich stand es aber 2:1 und wir waren dran. Die Niederlage fiel am Ende 1 bis 2 Tore zu hoch aus, war aber verdient.<br>Gegen Eversten haben wir zweimal gef\u00fchrt und hatten das Spiel eigentlich im Griff, kassierten zum Schluss aber zwei unn\u00f6tige Treffer, so dass wir nach Spiel zwei bereits keine Chance mehr auf das Halbfinale hatten. Gegen Brockdorf, der sp\u00e4tere Gruppenerste, f\u00fchrten wir bereits 2:0. Die bis zum Schluss spannende Partie endete aber dann doch mit dem 2:2-Unentschieden. <br>Fazit f\u00fcr uns: gut gespielt &#8211; wir m\u00fcssen nur noch lernen, F\u00fchrungen auch nach Hause zu schaukeln. Die Entt\u00e4uschung war nat\u00fcrlich gro\u00df, da man sich etwas unter Wert verkauft hat &#8211; aber jeder Spieler hat gestern f\u00fcr sich etwas mitgenommen und das Team kann stolz sein, so weit gekommen zu sein.<\/p>\n\n\n\n<figure class=\"wp-block-image size-full\"><img data-recalc-dims=\"1\" loading=\"lazy\" decoding=\"async\" width=\"914\" height=\"279\" data-attachment-id=\"7462\" data-permalink=\"https:\/\/www.jsg-niedergrafschaft.de\/web\/u17-hatte-premiere-bei-den-hbm-weser-ems\/image-425\/\" data-orig-file=\"https:\/\/i0.wp.com\/www.jsg-niedergrafschaft.de\/web\/wp-content\/uploads\/2026\/01\/image-6.png?fit=914%2C279&amp;ssl=1\" data-orig-size=\"914,279\" data-comments-opened=\"0\" data-image-meta=\"{&quot;aperture&quot;:&quot;0&quot;,&quot;credit&quot;:&quot;&quot;,&quot;camera&quot;:&quot;&quot;,&quot;caption&quot;:&quot;&quot;,&quot;created_timestamp&quot;:&quot;0&quot;,&quot;copyright&quot;:&quot;&quot;,&quot;focal_length&quot;:&quot;0&quot;,&quot;iso&quot;:&quot;0&quot;,&quot;shutter_speed&quot;:&quot;0&quot;,&quot;title&quot;:&quot;&quot;,&quot;orientation&quot;:&quot;0&quot;}\" data-image-title=\"image\" data-image-description=\"\" data-image-caption=\"\" data-large-file=\"https:\/\/i0.wp.com\/www.jsg-niedergrafschaft.de\/web\/wp-content\/uploads\/2026\/01\/image-6.png?fit=914%2C279&amp;ssl=1\" src=\"https:\/\/i0.wp.com\/www.jsg-niedergrafschaft.de\/web\/wp-content\/uploads\/2026\/01\/image-6.png?resize=914%2C279&#038;ssl=1\" alt=\"\" class=\"wp-image-7462\" srcset=\"https:\/\/i0.wp.com\/www.jsg-niedergrafschaft.de\/web\/wp-content\/uploads\/2026\/01\/image-6.png?w=914&amp;ssl=1 914w, https:\/\/i0.wp.com\/www.jsg-niedergrafschaft.de\/web\/wp-content\/uploads\/2026\/01\/image-6.png?resize=300%2C92&amp;ssl=1 300w, https:\/\/i0.wp.com\/www.jsg-niedergrafschaft.de\/web\/wp-content\/uploads\/2026\/01\/image-6.png?resize=768%2C234&amp;ssl=1 768w\" sizes=\"auto, (max-width: 914px) 100vw, 914px\" \/><\/figure>\n\n\n\n<figure class=\"wp-block-image size-full\"><img data-recalc-dims=\"1\" loading=\"lazy\" decoding=\"async\" width=\"940\" height=\"211\" data-attachment-id=\"7454\" data-permalink=\"https:\/\/www.jsg-niedergrafschaft.de\/web\/u17-hatte-premiere-bei-den-hbm-weser-ems\/image-424\/\" data-orig-file=\"https:\/\/i0.wp.com\/www.jsg-niedergrafschaft.de\/web\/wp-content\/uploads\/2026\/01\/image-5.png?fit=940%2C211&amp;ssl=1\" data-orig-size=\"940,211\" data-comments-opened=\"0\" data-image-meta=\"{&quot;aperture&quot;:&quot;0&quot;,&quot;credit&quot;:&quot;&quot;,&quot;camera&quot;:&quot;&quot;,&quot;caption&quot;:&quot;&quot;,&quot;created_timestamp&quot;:&quot;0&quot;,&quot;copyright&quot;:&quot;&quot;,&quot;focal_length&quot;:&quot;0&quot;,&quot;iso&quot;:&quot;0&quot;,&quot;shutter_speed&quot;:&quot;0&quot;,&quot;title&quot;:&quot;&quot;,&quot;orientation&quot;:&quot;0&quot;}\" data-image-title=\"image\" data-image-description=\"\" data-image-caption=\"\" data-large-file=\"https:\/\/i0.wp.com\/www.jsg-niedergrafschaft.de\/web\/wp-content\/uploads\/2026\/01\/image-5.png?fit=940%2C211&amp;ssl=1\" src=\"https:\/\/i0.wp.com\/www.jsg-niedergrafschaft.de\/web\/wp-content\/uploads\/2026\/01\/image-5.png?resize=940%2C211&#038;ssl=1\" alt=\"\" class=\"wp-image-7454\" srcset=\"https:\/\/i0.wp.com\/www.jsg-niedergrafschaft.de\/web\/wp-content\/uploads\/2026\/01\/image-5.png?w=940&amp;ssl=1 940w, https:\/\/i0.wp.com\/www.jsg-niedergrafschaft.de\/web\/wp-content\/uploads\/2026\/01\/image-5.png?resize=300%2C67&amp;ssl=1 300w, https:\/\/i0.wp.com\/www.jsg-niedergrafschaft.de\/web\/wp-content\/uploads\/2026\/01\/image-5.png?resize=768%2C172&amp;ssl=1 768w\" sizes=\"auto, (max-width: 940px) 100vw, 940px\" \/><figcaption class=\"wp-element-caption\"><strong>Abschlu\u00dftabelle der Gruppe B<\/strong><\/figcaption><\/figure>\n\n\n\n<p>In der anderen Gruppe setzte sich Olympia Laxten durch und gewann am Ende auch das Finale gegen JFV Delmenhorst und ist verdienter <strong>Futsal-Bezirksmeister Weser-Ems <\/strong>&#8211; hier ein sch\u00f6ner Bericht auf Fupa: <a href=\"https:\/\/www.fupa.net\/news\/u17-des-sv-olympia-laxten-kroent-sich-zum-futsal-meister-weser-ems-3157190\" target=\"_blank\" rel=\"noreferrer noopener\">hier klicken zum Bericht<\/a>. Wir gratulieren Laxten zu diesem tollen Erfolg und w\u00fcnschen viel Erfolg in der n\u00e4chsten Runde.<\/p>\n\n\n\n<figure class=\"wp-block-image size-medium\"><a href=\"https:\/\/www.fupa.net\/news\/u17-des-sv-olympia-laxten-kroent-sich-zum-futsal-meister-weser-ems-3157190\" target=\"_blank\" rel=\" noreferrer noopener\"><img data-recalc-dims=\"1\" loading=\"lazy\" decoding=\"async\" width=\"300\" height=\"200\" data-attachment-id=\"7455\" data-permalink=\"https:\/\/www.jsg-niedergrafschaft.de\/web\/u17-hatte-premiere-bei-den-hbm-weser-ems\/hbm-u17-2026-fupa\/\" data-orig-file=\"https:\/\/i0.wp.com\/www.jsg-niedergrafschaft.de\/web\/wp-content\/uploads\/2026\/01\/hbm-u17-2026-fupa.webp?fit=1440%2C960&amp;ssl=1\" data-orig-size=\"1440,960\" data-comments-opened=\"0\" data-image-meta=\"{&quot;aperture&quot;:&quot;0&quot;,&quot;credit&quot;:&quot;&quot;,&quot;camera&quot;:&quot;&quot;,&quot;caption&quot;:&quot;&quot;,&quot;created_timestamp&quot;:&quot;0&quot;,&quot;copyright&quot;:&quot;&quot;,&quot;focal_length&quot;:&quot;0&quot;,&quot;iso&quot;:&quot;0&quot;,&quot;shutter_speed&quot;:&quot;0&quot;,&quot;title&quot;:&quot;&quot;,&quot;orientation&quot;:&quot;0&quot;}\" data-image-title=\"hbm-u17-2026-fupa\" data-image-description=\"\" data-image-caption=\"\" data-large-file=\"https:\/\/i0.wp.com\/www.jsg-niedergrafschaft.de\/web\/wp-content\/uploads\/2026\/01\/hbm-u17-2026-fupa.webp?fit=1024%2C683&amp;ssl=1\" src=\"https:\/\/i0.wp.com\/www.jsg-niedergrafschaft.de\/web\/wp-content\/uploads\/2026\/01\/hbm-u17-2026-fupa.webp?resize=300%2C200&#038;ssl=1\" alt=\"\" class=\"wp-image-7455\" srcset=\"https:\/\/i0.wp.com\/www.jsg-niedergrafschaft.de\/web\/wp-content\/uploads\/2026\/01\/hbm-u17-2026-fupa.webp?resize=300%2C200&amp;ssl=1 300w, https:\/\/i0.wp.com\/www.jsg-niedergrafschaft.de\/web\/wp-content\/uploads\/2026\/01\/hbm-u17-2026-fupa.webp?resize=1024%2C683&amp;ssl=1 1024w, https:\/\/i0.wp.com\/www.jsg-niedergrafschaft.de\/web\/wp-content\/uploads\/2026\/01\/hbm-u17-2026-fupa.webp?resize=768%2C512&amp;ssl=1 768w, https:\/\/i0.wp.com\/www.jsg-niedergrafschaft.de\/web\/wp-content\/uploads\/2026\/01\/hbm-u17-2026-fupa.webp?resize=930%2C620&amp;ssl=1 930w, https:\/\/i0.wp.com\/www.jsg-niedergrafschaft.de\/web\/wp-content\/uploads\/2026\/01\/hbm-u17-2026-fupa.webp?w=1440&amp;ssl=1 1440w\" sizes=\"auto, (max-width: 300px) 100vw, 300px\" \/><\/a><figcaption class=\"wp-element-caption\">Olympia Laxten beim Jubel \u00fcber den Titel &#8211; Foto: Fupa<\/figcaption><\/figure>\n\n\n\n<p><br>Hier k\u00f6nnt ihr noch Videos von Spielszenen unserer JSG sehen: <br><a href=\"https:\/\/www.fupa.net\/cup\/b-jugend-futsal-bezirksmeisterschaft-weser-ems-202\/matches\">https:\/\/www.fupa.net\/cup\/b-jugend-futsal-bezirksmeisterschaft-weser-ems-202\/matches<\/a><br><br>Ansonsten hier noch ein paar Impressionen vom gestrigen Tag:<\/p>\n\n\n\n<figure class=\"wp-block-gallery has-nested-images columns-default is-cropped wp-block-gallery-1 is-layout-flex wp-block-gallery-is-layout-flex\">\n<figure class=\"wp-block-image size-large\"><img data-recalc-dims=\"1\" loading=\"lazy\" decoding=\"async\" width=\"1024\" height=\"768\" data-attachment-id=\"7460\" data-permalink=\"https:\/\/www.jsg-niedergrafschaft.de\/web\/u17-hatte-premiere-bei-den-hbm-weser-ems\/hbm-jsg-niedergrafschaft-5\/\" data-orig-file=\"https:\/\/i0.wp.com\/www.jsg-niedergrafschaft.de\/web\/wp-content\/uploads\/2026\/01\/HBM-JSG-Niedergrafschaft-5-scaled.jpg?fit=2560%2C1920&amp;ssl=1\" data-orig-size=\"2560,1920\" data-comments-opened=\"0\" data-image-meta=\"{&quot;aperture&quot;:&quot;1.6&quot;,&quot;credit&quot;:&quot;&quot;,&quot;camera&quot;:&quot;iPhone 13&quot;,&quot;caption&quot;:&quot;&quot;,&quot;created_timestamp&quot;:&quot;1769337301&quot;,&quot;copyright&quot;:&quot;&quot;,&quot;focal_length&quot;:&quot;5.1&quot;,&quot;iso&quot;:&quot;100&quot;,&quot;shutter_speed&quot;:&quot;0.0081967213114754&quot;,&quot;title&quot;:&quot;&quot;,&quot;orientation&quot;:&quot;1&quot;}\" data-image-title=\"HBM-JSG-Niedergrafschaft-5\" data-image-description=\"\" data-image-caption=\"\" data-large-file=\"https:\/\/i0.wp.com\/www.jsg-niedergrafschaft.de\/web\/wp-content\/uploads\/2026\/01\/HBM-JSG-Niedergrafschaft-5-scaled.jpg?fit=1024%2C768&amp;ssl=1\" data-id=\"7460\" src=\"https:\/\/i0.wp.com\/www.jsg-niedergrafschaft.de\/web\/wp-content\/uploads\/2026\/01\/HBM-JSG-Niedergrafschaft-5.jpg?resize=1024%2C768&#038;ssl=1\" alt=\"\" class=\"wp-image-7460\" srcset=\"https:\/\/i0.wp.com\/www.jsg-niedergrafschaft.de\/web\/wp-content\/uploads\/2026\/01\/HBM-JSG-Niedergrafschaft-5-scaled.jpg?resize=1024%2C768&amp;ssl=1 1024w, https:\/\/i0.wp.com\/www.jsg-niedergrafschaft.de\/web\/wp-content\/uploads\/2026\/01\/HBM-JSG-Niedergrafschaft-5-scaled.jpg?resize=300%2C225&amp;ssl=1 300w, https:\/\/i0.wp.com\/www.jsg-niedergrafschaft.de\/web\/wp-content\/uploads\/2026\/01\/HBM-JSG-Niedergrafschaft-5-scaled.jpg?resize=768%2C576&amp;ssl=1 768w, https:\/\/i0.wp.com\/www.jsg-niedergrafschaft.de\/web\/wp-content\/uploads\/2026\/01\/HBM-JSG-Niedergrafschaft-5-scaled.jpg?resize=1536%2C1152&amp;ssl=1 1536w, https:\/\/i0.wp.com\/www.jsg-niedergrafschaft.de\/web\/wp-content\/uploads\/2026\/01\/HBM-JSG-Niedergrafschaft-5-scaled.jpg?resize=2048%2C1536&amp;ssl=1 2048w, https:\/\/i0.wp.com\/www.jsg-niedergrafschaft.de\/web\/wp-content\/uploads\/2026\/01\/HBM-JSG-Niedergrafschaft-5-scaled.jpg?w=2400&amp;ssl=1 2400w\" sizes=\"auto, (max-width: 1024px) 100vw, 1024px\" \/><\/figure>\n\n\n\n<figure class=\"wp-block-image size-large\"><img data-recalc-dims=\"1\" loading=\"lazy\" decoding=\"async\" width=\"1024\" height=\"768\" data-attachment-id=\"7459\" data-permalink=\"https:\/\/www.jsg-niedergrafschaft.de\/web\/u17-hatte-premiere-bei-den-hbm-weser-ems\/hbm-jsg-niedergrafschaft-4\/\" data-orig-file=\"https:\/\/i0.wp.com\/www.jsg-niedergrafschaft.de\/web\/wp-content\/uploads\/2026\/01\/HBM-JSG-Niedergrafschaft-4-scaled.jpg?fit=2560%2C1920&amp;ssl=1\" data-orig-size=\"2560,1920\" data-comments-opened=\"0\" data-image-meta=\"{&quot;aperture&quot;:&quot;1.6&quot;,&quot;credit&quot;:&quot;&quot;,&quot;camera&quot;:&quot;iPhone 13&quot;,&quot;caption&quot;:&quot;&quot;,&quot;created_timestamp&quot;:&quot;1769337905&quot;,&quot;copyright&quot;:&quot;&quot;,&quot;focal_length&quot;:&quot;5.1&quot;,&quot;iso&quot;:&quot;100&quot;,&quot;shutter_speed&quot;:&quot;0.01&quot;,&quot;title&quot;:&quot;&quot;,&quot;orientation&quot;:&quot;1&quot;}\" data-image-title=\"HBM-JSG-Niedergrafschaft-4\" data-image-description=\"\" data-image-caption=\"\" data-large-file=\"https:\/\/i0.wp.com\/www.jsg-niedergrafschaft.de\/web\/wp-content\/uploads\/2026\/01\/HBM-JSG-Niedergrafschaft-4-scaled.jpg?fit=1024%2C768&amp;ssl=1\" data-id=\"7459\" src=\"https:\/\/i0.wp.com\/www.jsg-niedergrafschaft.de\/web\/wp-content\/uploads\/2026\/01\/HBM-JSG-Niedergrafschaft-4.jpg?resize=1024%2C768&#038;ssl=1\" alt=\"\" class=\"wp-image-7459\" srcset=\"https:\/\/i0.wp.com\/www.jsg-niedergrafschaft.de\/web\/wp-content\/uploads\/2026\/01\/HBM-JSG-Niedergrafschaft-4-scaled.jpg?resize=1024%2C768&amp;ssl=1 1024w, https:\/\/i0.wp.com\/www.jsg-niedergrafschaft.de\/web\/wp-content\/uploads\/2026\/01\/HBM-JSG-Niedergrafschaft-4-scaled.jpg?resize=300%2C225&amp;ssl=1 300w, https:\/\/i0.wp.com\/www.jsg-niedergrafschaft.de\/web\/wp-content\/uploads\/2026\/01\/HBM-JSG-Niedergrafschaft-4-scaled.jpg?resize=768%2C576&amp;ssl=1 768w, https:\/\/i0.wp.com\/www.jsg-niedergrafschaft.de\/web\/wp-content\/uploads\/2026\/01\/HBM-JSG-Niedergrafschaft-4-scaled.jpg?resize=1536%2C1152&amp;ssl=1 1536w, https:\/\/i0.wp.com\/www.jsg-niedergrafschaft.de\/web\/wp-content\/uploads\/2026\/01\/HBM-JSG-Niedergrafschaft-4-scaled.jpg?resize=2048%2C1536&amp;ssl=1 2048w, https:\/\/i0.wp.com\/www.jsg-niedergrafschaft.de\/web\/wp-content\/uploads\/2026\/01\/HBM-JSG-Niedergrafschaft-4-scaled.jpg?w=2400&amp;ssl=1 2400w\" sizes=\"auto, (max-width: 1024px) 100vw, 1024px\" \/><\/figure>\n\n\n\n<figure class=\"wp-block-image size-large\"><img data-recalc-dims=\"1\" loading=\"lazy\" decoding=\"async\" width=\"1024\" height=\"768\" data-attachment-id=\"7456\" data-permalink=\"https:\/\/www.jsg-niedergrafschaft.de\/web\/u17-hatte-premiere-bei-den-hbm-weser-ems\/hbm-jsg-niedergrafschaft-2\/\" data-orig-file=\"https:\/\/i0.wp.com\/www.jsg-niedergrafschaft.de\/web\/wp-content\/uploads\/2026\/01\/HBM-JSG-Niedergrafschaft-2.jpg?fit=2500%2C1875&amp;ssl=1\" data-orig-size=\"2500,1875\" data-comments-opened=\"0\" data-image-meta=\"{&quot;aperture&quot;:&quot;1.6&quot;,&quot;credit&quot;:&quot;&quot;,&quot;camera&quot;:&quot;iPhone 13&quot;,&quot;caption&quot;:&quot;&quot;,&quot;created_timestamp&quot;:&quot;1769336265&quot;,&quot;copyright&quot;:&quot;&quot;,&quot;focal_length&quot;:&quot;5.1&quot;,&quot;iso&quot;:&quot;100&quot;,&quot;shutter_speed&quot;:&quot;0.02&quot;,&quot;title&quot;:&quot;&quot;,&quot;orientation&quot;:&quot;1&quot;}\" data-image-title=\"HBM-JSG-Niedergrafschaft-2\" data-image-description=\"\" data-image-caption=\"\" data-large-file=\"https:\/\/i0.wp.com\/www.jsg-niedergrafschaft.de\/web\/wp-content\/uploads\/2026\/01\/HBM-JSG-Niedergrafschaft-2.jpg?fit=1024%2C768&amp;ssl=1\" data-id=\"7456\" src=\"https:\/\/i0.wp.com\/www.jsg-niedergrafschaft.de\/web\/wp-content\/uploads\/2026\/01\/HBM-JSG-Niedergrafschaft-2.jpg?resize=1024%2C768&#038;ssl=1\" alt=\"\" class=\"wp-image-7456\" srcset=\"https:\/\/i0.wp.com\/www.jsg-niedergrafschaft.de\/web\/wp-content\/uploads\/2026\/01\/HBM-JSG-Niedergrafschaft-2.jpg?resize=1024%2C768&amp;ssl=1 1024w, https:\/\/i0.wp.com\/www.jsg-niedergrafschaft.de\/web\/wp-content\/uploads\/2026\/01\/HBM-JSG-Niedergrafschaft-2.jpg?resize=300%2C225&amp;ssl=1 300w, https:\/\/i0.wp.com\/www.jsg-niedergrafschaft.de\/web\/wp-content\/uploads\/2026\/01\/HBM-JSG-Niedergrafschaft-2.jpg?resize=768%2C576&amp;ssl=1 768w, https:\/\/i0.wp.com\/www.jsg-niedergrafschaft.de\/web\/wp-content\/uploads\/2026\/01\/HBM-JSG-Niedergrafschaft-2.jpg?resize=1536%2C1152&amp;ssl=1 1536w, https:\/\/i0.wp.com\/www.jsg-niedergrafschaft.de\/web\/wp-content\/uploads\/2026\/01\/HBM-JSG-Niedergrafschaft-2.jpg?resize=2048%2C1536&amp;ssl=1 2048w, https:\/\/i0.wp.com\/www.jsg-niedergrafschaft.de\/web\/wp-content\/uploads\/2026\/01\/HBM-JSG-Niedergrafschaft-2.jpg?w=2400&amp;ssl=1 2400w\" sizes=\"auto, (max-width: 1024px) 100vw, 1024px\" \/><\/figure>\n\n\n\n<figure class=\"wp-block-image size-large\"><img data-recalc-dims=\"1\" loading=\"lazy\" decoding=\"async\" width=\"1024\" height=\"768\" data-attachment-id=\"7458\" data-permalink=\"https:\/\/www.jsg-niedergrafschaft.de\/web\/u17-hatte-premiere-bei-den-hbm-weser-ems\/hbm-jsg-niedergrafschaft-3\/\" data-orig-file=\"https:\/\/i0.wp.com\/www.jsg-niedergrafschaft.de\/web\/wp-content\/uploads\/2026\/01\/HBM-JSG-Niedergrafschaft-3.jpg?fit=2500%2C1875&amp;ssl=1\" data-orig-size=\"2500,1875\" data-comments-opened=\"0\" data-image-meta=\"{&quot;aperture&quot;:&quot;1.6&quot;,&quot;credit&quot;:&quot;&quot;,&quot;camera&quot;:&quot;iPhone 13&quot;,&quot;caption&quot;:&quot;&quot;,&quot;created_timestamp&quot;:&quot;1769349516&quot;,&quot;copyright&quot;:&quot;&quot;,&quot;focal_length&quot;:&quot;5.1&quot;,&quot;iso&quot;:&quot;125&quot;,&quot;shutter_speed&quot;:&quot;0.013698630136986&quot;,&quot;title&quot;:&quot;&quot;,&quot;orientation&quot;:&quot;1&quot;}\" data-image-title=\"HBM-JSG-Niedergrafschaft-3\" data-image-description=\"\" data-image-caption=\"\" data-large-file=\"https:\/\/i0.wp.com\/www.jsg-niedergrafschaft.de\/web\/wp-content\/uploads\/2026\/01\/HBM-JSG-Niedergrafschaft-3.jpg?fit=1024%2C768&amp;ssl=1\" data-id=\"7458\" src=\"https:\/\/i0.wp.com\/www.jsg-niedergrafschaft.de\/web\/wp-content\/uploads\/2026\/01\/HBM-JSG-Niedergrafschaft-3.jpg?resize=1024%2C768&#038;ssl=1\" alt=\"\" class=\"wp-image-7458\" srcset=\"https:\/\/i0.wp.com\/www.jsg-niedergrafschaft.de\/web\/wp-content\/uploads\/2026\/01\/HBM-JSG-Niedergrafschaft-3.jpg?resize=1024%2C768&amp;ssl=1 1024w, https:\/\/i0.wp.com\/www.jsg-niedergrafschaft.de\/web\/wp-content\/uploads\/2026\/01\/HBM-JSG-Niedergrafschaft-3.jpg?resize=300%2C225&amp;ssl=1 300w, https:\/\/i0.wp.com\/www.jsg-niedergrafschaft.de\/web\/wp-content\/uploads\/2026\/01\/HBM-JSG-Niedergrafschaft-3.jpg?resize=768%2C576&amp;ssl=1 768w, https:\/\/i0.wp.com\/www.jsg-niedergrafschaft.de\/web\/wp-content\/uploads\/2026\/01\/HBM-JSG-Niedergrafschaft-3.jpg?resize=1536%2C1152&amp;ssl=1 1536w, https:\/\/i0.wp.com\/www.jsg-niedergrafschaft.de\/web\/wp-content\/uploads\/2026\/01\/HBM-JSG-Niedergrafschaft-3.jpg?resize=2048%2C1536&amp;ssl=1 2048w, https:\/\/i0.wp.com\/www.jsg-niedergrafschaft.de\/web\/wp-content\/uploads\/2026\/01\/HBM-JSG-Niedergrafschaft-3.jpg?w=2400&amp;ssl=1 2400w\" sizes=\"auto, (max-width: 1024px) 100vw, 1024px\" \/><figcaption class=\"wp-element-caption\">Auszeit in der Partie gegen GW Brockdorf<\/figcaption><\/figure>\n<\/figure>\n\n\n\n<h5 class=\"wp-block-heading\">Bericht von <strong>Dieter Veldhuis<\/strong><\/h5>\n","protected":false},"excerpt":{"rendered":"<p>Am gestrigen Sonntag durfte die U17 der JSG Niedergrafschaft die Grafschaft Bentheim bei den HBM Weser Ems im Futsal vertreten. Das war f\u00fcr unsere JSG Niedergrafschaft erstmalig der Fall <\/p>\n","protected":false},"author":3,"featured_media":7458,"comment_status":"closed","ping_status":"closed","sticky":false,"template":"","format":"standard","meta":{"neve_meta_sidebar":"","neve_meta_container":"","neve_meta_enable_content_width":"","neve_meta_content_width":0,"neve_meta_title_alignment":"","neve_meta_author_avatar":"","neve_post_elements_order":"","neve_meta_disable_header":"","neve_meta_disable_footer":"","neve_meta_disable_title":"","_jetpack_memberships_contains_paid_content":false,"footnotes":"","jetpack_publicize_message":"","jetpack_publicize_feature_enabled":true,"jetpack_social_post_already_shared":true,"jetpack_social_options":{"image_generator_settings":{"template":"highway","default_image_id":0,"font":"","enabled":false},"version":2}},"categories":[1,25],"tags":[16],"class_list":["post-7453","post","type-post","status-publish","format-standard","has-post-thumbnail","hentry","category-allgemeines","category-presse","tag-u17"],"jetpack_publicize_connections":[],"jetpack_featured_media_url":"https:\/\/i0.wp.com\/www.jsg-niedergrafschaft.de\/web\/wp-content\/uploads\/2026\/01\/HBM-JSG-Niedergrafschaft-3.jpg?fit=2500%2C1875&ssl=1","jetpack_sharing_enabled":true,"_links":{"self":[{"href":"https:\/\/www.jsg-niedergrafschaft.de\/web\/wp-json\/wp\/v2\/posts\/7453","targetHints":{"allow":["GET"]}}],"collection":[{"href":"https:\/\/www.jsg-niedergrafschaft.de\/web\/wp-json\/wp\/v2\/posts"}],"about":[{"href":"https:\/\/www.jsg-niedergrafschaft.de\/web\/wp-json\/wp\/v2\/types\/post"}],"author":[{"embeddable":true,"href":"https:\/\/www.jsg-niedergrafschaft.de\/web\/wp-json\/wp\/v2\/users\/3"}],"replies":[{"embeddable":true,"href":"https:\/\/www.jsg-niedergrafschaft.de\/web\/wp-json\/wp\/v2\/comments?post=7453"}],"version-history":[{"count":9,"href":"https:\/\/www.jsg-niedergrafschaft.de\/web\/wp-json\/wp\/v2\/posts\/7453\/revisions"}],"predecessor-version":[{"id":7471,"href":"https:\/\/www.jsg-niedergrafschaft.de\/web\/wp-json\/wp\/v2\/posts\/7453\/revisions\/7471"}],"wp:featuredmedia":[{"embeddable":true,"href":"https:\/\/www.jsg-niedergrafschaft.de\/web\/wp-json\/wp\/v2\/media\/7458"}],"wp:attachment":[{"href":"https:\/\/www.jsg-niedergrafschaft.de\/web\/wp-json\/wp\/v2\/media?parent=7453"}],"wp:term":[{"taxonomy":"category","embeddable":true,"href":"https:\/\/www.jsg-niedergrafschaft.de\/web\/wp-json\/wp\/v2\/categories?post=7453"},{"taxonomy":"post_tag","embeddable":true,"href":"https:\/\/www.jsg-niedergrafschaft.de\/web\/wp-json\/wp\/v2\/tags?post=7453"}],"curies":[{"name":"wp","href":"https:\/\/api.w.org\/{rel}","templated":true}]}}