{"id":6805,"date":"2025-08-18T10:07:04","date_gmt":"2025-08-18T08:07:04","guid":{"rendered":"https:\/\/www.jsg-niedergrafschaft.de\/web\/?p=6805"},"modified":"2025-08-18T10:14:30","modified_gmt":"2025-08-18T08:14:30","slug":"saisonauftakt-der-jsg-neue-ehrenamtliche-und-verabschiedungen","status":"publish","type":"post","link":"https:\/\/www.jsg-niedergrafschaft.de\/web\/saisonauftakt-der-jsg-neue-ehrenamtliche-und-verabschiedungen\/","title":{"rendered":"Saisonauftakt der JSG, neue Ehrenamtliche und Verabschiedungen"},"content":{"rendered":"\n<p>Jedes Jahr zu Saisonbeginn werden alle JSG-Ehrenamtliche zum Saisonauftakt eingeladen. In diesem Jahr wurden wir vom JSG-Urgestein J\u00fcrgen Egbers eingeladen. Hintergrund war eine alte Aussage von J\u00fcrgen, an die sich Hartmut Beerlink noch erinnern konnte, &#8222;Wenn die JSG mit allen Teams (A- bis C-Jugend) auf Bezirksebene spielt, lade ich zum Grillen ein&#8220;. <strong>Gesagt&#8230;. getan<\/strong>. J\u00fcrgen und seine Frau Janette hatten alles toll vorbereitet &#8211; f\u00fcr das Grillgut war Harald Pohlman (trotz Geburtstag) zust\u00e4ndig. Vielen Dank f\u00fcr den sch\u00f6nen Abend an euch.<br><br>Die Trainer, Betreuer und Koordinatoren der verschiedenen Teams konnten sich in gem\u00fctlicher Atmosph\u00e4re austauschen oder sich kennenlernen. <br>\u00dcblicherweise werden an diesem Termin auch Verabschiedungen durchgef\u00fchrt \u2013 wir sagen Danke (mit einer kleinen Anerkennung) f\u00fcr den Einsatz in den letzten Jahren an Albert Lichtendonk und Marco Reins (Frank Hesselink und Sebastian Keen waren leider verhindert).<\/p>\n\n\n\n<div class=\"wp-block-jetpack-tiled-gallery aligncenter is-style-rectangular\"><div class=\"\"><div class=\"tiled-gallery__gallery\"><div class=\"tiled-gallery__row\"><div class=\"tiled-gallery__col\" style=\"flex-basis:66.75238%\"><figure class=\"tiled-gallery__item\"><img decoding=\"async\" data-attachment-id=\"6807\" data-permalink=\"https:\/\/www.jsg-niedergrafschaft.de\/web\/saisonauftakt-der-jsg-neue-ehrenamtliche-und-verabschiedungen\/2025-verabschiedungen-jsg\/\" data-orig-file=\"https:\/\/i0.wp.com\/www.jsg-niedergrafschaft.de\/web\/wp-content\/uploads\/2025\/08\/2025-Verabschiedungen-JSG-scaled.jpeg?fit=2560%2C1920&amp;ssl=1\" data-orig-size=\"2560,1920\" data-comments-opened=\"0\" data-image-meta=\"{&quot;aperture&quot;:&quot;0&quot;,&quot;credit&quot;:&quot;&quot;,&quot;camera&quot;:&quot;&quot;,&quot;caption&quot;:&quot;&quot;,&quot;created_timestamp&quot;:&quot;0&quot;,&quot;copyright&quot;:&quot;&quot;,&quot;focal_length&quot;:&quot;0&quot;,&quot;iso&quot;:&quot;0&quot;,&quot;shutter_speed&quot;:&quot;0&quot;,&quot;title&quot;:&quot;&quot;,&quot;orientation&quot;:&quot;0&quot;}\" data-image-title=\"2025-Verabschiedungen-JSG\" data-image-description=\"\" data-image-caption=\"\" data-large-file=\"https:\/\/i0.wp.com\/www.jsg-niedergrafschaft.de\/web\/wp-content\/uploads\/2025\/08\/2025-Verabschiedungen-JSG-scaled.jpeg?fit=1024%2C768&amp;ssl=1\" data-attachment-id=\"6807\" data-permalink=\"https:\/\/www.jsg-niedergrafschaft.de\/web\/saisonauftakt-der-jsg-neue-ehrenamtliche-und-verabschiedungen\/2025-verabschiedungen-jsg\/\" data-orig-file=\"https:\/\/i0.wp.com\/www.jsg-niedergrafschaft.de\/web\/wp-content\/uploads\/2025\/08\/2025-Verabschiedungen-JSG-scaled.jpeg?fit=2560%2C1920&amp;ssl=1\" data-orig-size=\"2560,1920\" data-comments-opened=\"0\" data-image-meta=\"{&quot;aperture&quot;:&quot;0&quot;,&quot;credit&quot;:&quot;&quot;,&quot;camera&quot;:&quot;&quot;,&quot;caption&quot;:&quot;&quot;,&quot;created_timestamp&quot;:&quot;0&quot;,&quot;copyright&quot;:&quot;&quot;,&quot;focal_length&quot;:&quot;0&quot;,&quot;iso&quot;:&quot;0&quot;,&quot;shutter_speed&quot;:&quot;0&quot;,&quot;title&quot;:&quot;&quot;,&quot;orientation&quot;:&quot;0&quot;}\" data-image-title=\"2025-Verabschiedungen-JSG\" data-image-description=\"\" data-image-caption=\"\" data-large-file=\"https:\/\/i0.wp.com\/www.jsg-niedergrafschaft.de\/web\/wp-content\/uploads\/2025\/08\/2025-Verabschiedungen-JSG-scaled.jpeg?fit=1024%2C768&amp;ssl=1\" role=\"button\" tabindex=\"0\" aria-label=\"Bild\u00a01 von 3 im Vollbildmodus \u00f6ffnen\"srcset=\"https:\/\/i0.wp.com\/www.jsg-niedergrafschaft.de\/web\/wp-content\/uploads\/2025\/08\/2025-Verabschiedungen-JSG-1024x768.jpeg?strip=info&#038;w=600&#038;ssl=1 600w,https:\/\/i0.wp.com\/www.jsg-niedergrafschaft.de\/web\/wp-content\/uploads\/2025\/08\/2025-Verabschiedungen-JSG-1024x768.jpeg?strip=info&#038;w=900&#038;ssl=1 900w,https:\/\/i0.wp.com\/www.jsg-niedergrafschaft.de\/web\/wp-content\/uploads\/2025\/08\/2025-Verabschiedungen-JSG-1024x768.jpeg?strip=info&#038;w=1200&#038;ssl=1 1200w,https:\/\/i0.wp.com\/www.jsg-niedergrafschaft.de\/web\/wp-content\/uploads\/2025\/08\/2025-Verabschiedungen-JSG-1024x768.jpeg?strip=info&#038;w=1500&#038;ssl=1 1500w,https:\/\/i0.wp.com\/www.jsg-niedergrafschaft.de\/web\/wp-content\/uploads\/2025\/08\/2025-Verabschiedungen-JSG-1024x768.jpeg?strip=info&#038;w=1800&#038;ssl=1 1800w,https:\/\/i0.wp.com\/www.jsg-niedergrafschaft.de\/web\/wp-content\/uploads\/2025\/08\/2025-Verabschiedungen-JSG-1024x768.jpeg?strip=info&#038;w=2000&#038;ssl=1 2000w\" alt=\"\" data-height=\"1920\" data-id=\"6807\" data-link=\"https:\/\/www.jsg-niedergrafschaft.de\/web\/?attachment_id=6807\" data-url=\"https:\/\/www.jsg-niedergrafschaft.de\/web\/wp-content\/uploads\/2025\/08\/2025-Verabschiedungen-JSG-1024x768.jpeg\" data-width=\"2560\" src=\"https:\/\/i0.wp.com\/www.jsg-niedergrafschaft.de\/web\/wp-content\/uploads\/2025\/08\/2025-Verabschiedungen-JSG-1024x768.jpeg?ssl=1\" data-amp-layout=\"responsive\"\/><\/figure><\/div><div class=\"tiled-gallery__col\" style=\"flex-basis:33.24762%\"><figure class=\"tiled-gallery__item\"><img decoding=\"async\" data-attachment-id=\"6808\" data-permalink=\"https:\/\/www.jsg-niedergrafschaft.de\/web\/saisonauftakt-der-jsg-neue-ehrenamtliche-und-verabschiedungen\/2025-verabschiedungen-jsg-foto-janette\/\" data-orig-file=\"https:\/\/i0.wp.com\/www.jsg-niedergrafschaft.de\/web\/wp-content\/uploads\/2025\/08\/2025-Verabschiedungen-JSG-Foto-Janette-scaled.jpeg?fit=2560%2C1920&amp;ssl=1\" data-orig-size=\"2560,1920\" data-comments-opened=\"0\" data-image-meta=\"{&quot;aperture&quot;:&quot;0&quot;,&quot;credit&quot;:&quot;&quot;,&quot;camera&quot;:&quot;&quot;,&quot;caption&quot;:&quot;&quot;,&quot;created_timestamp&quot;:&quot;0&quot;,&quot;copyright&quot;:&quot;&quot;,&quot;focal_length&quot;:&quot;0&quot;,&quot;iso&quot;:&quot;0&quot;,&quot;shutter_speed&quot;:&quot;0&quot;,&quot;title&quot;:&quot;&quot;,&quot;orientation&quot;:&quot;0&quot;}\" data-image-title=\"2025-Verabschiedungen-JSG-Foto Janette\" data-image-description=\"\" data-image-caption=\"\" data-large-file=\"https:\/\/i0.wp.com\/www.jsg-niedergrafschaft.de\/web\/wp-content\/uploads\/2025\/08\/2025-Verabschiedungen-JSG-Foto-Janette-scaled.jpeg?fit=1024%2C768&amp;ssl=1\" data-attachment-id=\"6808\" data-permalink=\"https:\/\/www.jsg-niedergrafschaft.de\/web\/saisonauftakt-der-jsg-neue-ehrenamtliche-und-verabschiedungen\/2025-verabschiedungen-jsg-foto-janette\/\" data-orig-file=\"https:\/\/i0.wp.com\/www.jsg-niedergrafschaft.de\/web\/wp-content\/uploads\/2025\/08\/2025-Verabschiedungen-JSG-Foto-Janette-scaled.jpeg?fit=2560%2C1920&amp;ssl=1\" data-orig-size=\"2560,1920\" data-comments-opened=\"0\" data-image-meta=\"{&quot;aperture&quot;:&quot;0&quot;,&quot;credit&quot;:&quot;&quot;,&quot;camera&quot;:&quot;&quot;,&quot;caption&quot;:&quot;&quot;,&quot;created_timestamp&quot;:&quot;0&quot;,&quot;copyright&quot;:&quot;&quot;,&quot;focal_length&quot;:&quot;0&quot;,&quot;iso&quot;:&quot;0&quot;,&quot;shutter_speed&quot;:&quot;0&quot;,&quot;title&quot;:&quot;&quot;,&quot;orientation&quot;:&quot;0&quot;}\" data-image-title=\"2025-Verabschiedungen-JSG-Foto Janette\" data-image-description=\"\" data-image-caption=\"\" data-large-file=\"https:\/\/i0.wp.com\/www.jsg-niedergrafschaft.de\/web\/wp-content\/uploads\/2025\/08\/2025-Verabschiedungen-JSG-Foto-Janette-scaled.jpeg?fit=1024%2C768&amp;ssl=1\" role=\"button\" tabindex=\"0\" aria-label=\"Bild\u00a02 von 3 im Vollbildmodus \u00f6ffnen\"srcset=\"https:\/\/i0.wp.com\/www.jsg-niedergrafschaft.de\/web\/wp-content\/uploads\/2025\/08\/2025-Verabschiedungen-JSG-Foto-Janette-1024x768.jpeg?strip=info&#038;w=600&#038;ssl=1 600w,https:\/\/i0.wp.com\/www.jsg-niedergrafschaft.de\/web\/wp-content\/uploads\/2025\/08\/2025-Verabschiedungen-JSG-Foto-Janette-1024x768.jpeg?strip=info&#038;w=900&#038;ssl=1 900w,https:\/\/i0.wp.com\/www.jsg-niedergrafschaft.de\/web\/wp-content\/uploads\/2025\/08\/2025-Verabschiedungen-JSG-Foto-Janette-1024x768.jpeg?strip=info&#038;w=1200&#038;ssl=1 1200w,https:\/\/i0.wp.com\/www.jsg-niedergrafschaft.de\/web\/wp-content\/uploads\/2025\/08\/2025-Verabschiedungen-JSG-Foto-Janette-1024x768.jpeg?strip=info&#038;w=1500&#038;ssl=1 1500w,https:\/\/i0.wp.com\/www.jsg-niedergrafschaft.de\/web\/wp-content\/uploads\/2025\/08\/2025-Verabschiedungen-JSG-Foto-Janette-1024x768.jpeg?strip=info&#038;w=1800&#038;ssl=1 1800w,https:\/\/i0.wp.com\/www.jsg-niedergrafschaft.de\/web\/wp-content\/uploads\/2025\/08\/2025-Verabschiedungen-JSG-Foto-Janette-1024x768.jpeg?strip=info&#038;w=2000&#038;ssl=1 2000w\" alt=\"\" data-height=\"1920\" data-id=\"6808\" data-link=\"https:\/\/www.jsg-niedergrafschaft.de\/web\/?attachment_id=6808\" data-url=\"https:\/\/www.jsg-niedergrafschaft.de\/web\/wp-content\/uploads\/2025\/08\/2025-Verabschiedungen-JSG-Foto-Janette-1024x768.jpeg\" data-width=\"2560\" src=\"https:\/\/i0.wp.com\/www.jsg-niedergrafschaft.de\/web\/wp-content\/uploads\/2025\/08\/2025-Verabschiedungen-JSG-Foto-Janette-1024x768.jpeg?ssl=1\" data-amp-layout=\"responsive\"\/><\/figure><figure class=\"tiled-gallery__item\"><img decoding=\"async\" data-attachment-id=\"6806\" data-permalink=\"https:\/\/www.jsg-niedergrafschaft.de\/web\/saisonauftakt-der-jsg-neue-ehrenamtliche-und-verabschiedungen\/2025-verabschiedungen-jsg-foto-juergen\/\" data-orig-file=\"https:\/\/i0.wp.com\/www.jsg-niedergrafschaft.de\/web\/wp-content\/uploads\/2025\/08\/2025-Verabschiedungen-JSG-Foto-Juergen-scaled.jpeg?fit=2560%2C1920&amp;ssl=1\" data-orig-size=\"2560,1920\" data-comments-opened=\"0\" data-image-meta=\"{&quot;aperture&quot;:&quot;0&quot;,&quot;credit&quot;:&quot;&quot;,&quot;camera&quot;:&quot;&quot;,&quot;caption&quot;:&quot;&quot;,&quot;created_timestamp&quot;:&quot;0&quot;,&quot;copyright&quot;:&quot;&quot;,&quot;focal_length&quot;:&quot;0&quot;,&quot;iso&quot;:&quot;0&quot;,&quot;shutter_speed&quot;:&quot;0&quot;,&quot;title&quot;:&quot;&quot;,&quot;orientation&quot;:&quot;0&quot;}\" data-image-title=\"2025-Verabschiedungen-JSG-Foto J\u00fcrgen\" data-image-description=\"\" data-image-caption=\"\" data-large-file=\"https:\/\/i0.wp.com\/www.jsg-niedergrafschaft.de\/web\/wp-content\/uploads\/2025\/08\/2025-Verabschiedungen-JSG-Foto-Juergen-scaled.jpeg?fit=1024%2C768&amp;ssl=1\" data-attachment-id=\"6806\" data-permalink=\"https:\/\/www.jsg-niedergrafschaft.de\/web\/saisonauftakt-der-jsg-neue-ehrenamtliche-und-verabschiedungen\/2025-verabschiedungen-jsg-foto-juergen\/\" data-orig-file=\"https:\/\/i0.wp.com\/www.jsg-niedergrafschaft.de\/web\/wp-content\/uploads\/2025\/08\/2025-Verabschiedungen-JSG-Foto-Juergen-scaled.jpeg?fit=2560%2C1920&amp;ssl=1\" data-orig-size=\"2560,1920\" data-comments-opened=\"0\" data-image-meta=\"{&quot;aperture&quot;:&quot;0&quot;,&quot;credit&quot;:&quot;&quot;,&quot;camera&quot;:&quot;&quot;,&quot;caption&quot;:&quot;&quot;,&quot;created_timestamp&quot;:&quot;0&quot;,&quot;copyright&quot;:&quot;&quot;,&quot;focal_length&quot;:&quot;0&quot;,&quot;iso&quot;:&quot;0&quot;,&quot;shutter_speed&quot;:&quot;0&quot;,&quot;title&quot;:&quot;&quot;,&quot;orientation&quot;:&quot;0&quot;}\" data-image-title=\"2025-Verabschiedungen-JSG-Foto J\u00fcrgen\" data-image-description=\"\" data-image-caption=\"\" data-large-file=\"https:\/\/i0.wp.com\/www.jsg-niedergrafschaft.de\/web\/wp-content\/uploads\/2025\/08\/2025-Verabschiedungen-JSG-Foto-Juergen-scaled.jpeg?fit=1024%2C768&amp;ssl=1\" role=\"button\" tabindex=\"0\" aria-label=\"Bild\u00a03 von 3 im Vollbildmodus \u00f6ffnen\"srcset=\"https:\/\/i0.wp.com\/www.jsg-niedergrafschaft.de\/web\/wp-content\/uploads\/2025\/08\/2025-Verabschiedungen-JSG-Foto-Juergen-1024x768.jpeg?strip=info&#038;w=600&#038;ssl=1 600w,https:\/\/i0.wp.com\/www.jsg-niedergrafschaft.de\/web\/wp-content\/uploads\/2025\/08\/2025-Verabschiedungen-JSG-Foto-Juergen-1024x768.jpeg?strip=info&#038;w=900&#038;ssl=1 900w,https:\/\/i0.wp.com\/www.jsg-niedergrafschaft.de\/web\/wp-content\/uploads\/2025\/08\/2025-Verabschiedungen-JSG-Foto-Juergen-1024x768.jpeg?strip=info&#038;w=1200&#038;ssl=1 1200w,https:\/\/i0.wp.com\/www.jsg-niedergrafschaft.de\/web\/wp-content\/uploads\/2025\/08\/2025-Verabschiedungen-JSG-Foto-Juergen-1024x768.jpeg?strip=info&#038;w=1500&#038;ssl=1 1500w,https:\/\/i0.wp.com\/www.jsg-niedergrafschaft.de\/web\/wp-content\/uploads\/2025\/08\/2025-Verabschiedungen-JSG-Foto-Juergen-1024x768.jpeg?strip=info&#038;w=1800&#038;ssl=1 1800w,https:\/\/i0.wp.com\/www.jsg-niedergrafschaft.de\/web\/wp-content\/uploads\/2025\/08\/2025-Verabschiedungen-JSG-Foto-Juergen-1024x768.jpeg?strip=info&#038;w=2000&#038;ssl=1 2000w\" alt=\"\" data-height=\"1920\" data-id=\"6806\" data-link=\"https:\/\/www.jsg-niedergrafschaft.de\/web\/?attachment_id=6806\" data-url=\"https:\/\/www.jsg-niedergrafschaft.de\/web\/wp-content\/uploads\/2025\/08\/2025-Verabschiedungen-JSG-Foto-Juergen-1024x768.jpeg\" data-width=\"2560\" src=\"https:\/\/i0.wp.com\/www.jsg-niedergrafschaft.de\/web\/wp-content\/uploads\/2025\/08\/2025-Verabschiedungen-JSG-Foto-Juergen-1024x768.jpeg?ssl=1\" data-amp-layout=\"responsive\"\/><\/figure><\/div><\/div><\/div><\/div><\/div>\n\n\n\n<p>Ralf M\u00fclstegen (links) und Michael Weggebakker (rechts) verabschieden den U19-Trainer Albert Lichtendonk und U13-Koordinator Marco Reins. Die weiteren Fotos sind ein Dankesch\u00f6n an J\u00fcrgen und Janette f\u00fcr den tollen Abend.<\/p>\n","protected":false},"excerpt":{"rendered":"<p>Jedes Jahr zu Saisonbeginn werden alle JSG-Ehrenamtliche zum Saisonauftakt eingeladen. Die Trainer, Betreuer und Koordinatoren der verschiedenen Teams konnten sich in gem\u00fctlicher Atmosph\u00e4re austauschen oder sich kennenlernen.<\/p>\n","protected":false},"author":3,"featured_media":6807,"comment_status":"closed","ping_status":"closed","sticky":false,"template":"","format":"standard","meta":{"neve_meta_sidebar":"","neve_meta_container":"","neve_meta_enable_content_width":"","neve_meta_content_width":0,"neve_meta_title_alignment":"","neve_meta_author_avatar":"","neve_post_elements_order":"","neve_meta_disable_header":"","neve_meta_disable_footer":"","neve_meta_disable_title":"","_jetpack_memberships_contains_paid_content":false,"footnotes":"","jetpack_publicize_message":"","jetpack_publicize_feature_enabled":true,"jetpack_social_post_already_shared":true,"jetpack_social_options":{"image_generator_settings":{"template":"highway","default_image_id":0,"font":"","enabled":false},"version":2}},"categories":[1,25],"tags":[],"class_list":["post-6805","post","type-post","status-publish","format-standard","has-post-thumbnail","hentry","category-allgemeines","category-presse"],"jetpack_publicize_connections":[],"jetpack_featured_media_url":"https:\/\/i0.wp.com\/www.jsg-niedergrafschaft.de\/web\/wp-content\/uploads\/2025\/08\/2025-Verabschiedungen-JSG-scaled.jpeg?fit=2560%2C1920&ssl=1","jetpack_sharing_enabled":true,"_links":{"self":[{"href":"https:\/\/www.jsg-niedergrafschaft.de\/web\/wp-json\/wp\/v2\/posts\/6805","targetHints":{"allow":["GET"]}}],"collection":[{"href":"https:\/\/www.jsg-niedergrafschaft.de\/web\/wp-json\/wp\/v2\/posts"}],"about":[{"href":"https:\/\/www.jsg-niedergrafschaft.de\/web\/wp-json\/wp\/v2\/types\/post"}],"author":[{"embeddable":true,"href":"https:\/\/www.jsg-niedergrafschaft.de\/web\/wp-json\/wp\/v2\/users\/3"}],"replies":[{"embeddable":true,"href":"https:\/\/www.jsg-niedergrafschaft.de\/web\/wp-json\/wp\/v2\/comments?post=6805"}],"version-history":[{"count":2,"href":"https:\/\/www.jsg-niedergrafschaft.de\/web\/wp-json\/wp\/v2\/posts\/6805\/revisions"}],"predecessor-version":[{"id":6810,"href":"https:\/\/www.jsg-niedergrafschaft.de\/web\/wp-json\/wp\/v2\/posts\/6805\/revisions\/6810"}],"wp:featuredmedia":[{"embeddable":true,"href":"https:\/\/www.jsg-niedergrafschaft.de\/web\/wp-json\/wp\/v2\/media\/6807"}],"wp:attachment":[{"href":"https:\/\/www.jsg-niedergrafschaft.de\/web\/wp-json\/wp\/v2\/media?parent=6805"}],"wp:term":[{"taxonomy":"category","embeddable":true,"href":"https:\/\/www.jsg-niedergrafschaft.de\/web\/wp-json\/wp\/v2\/categories?post=6805"},{"taxonomy":"post_tag","embeddable":true,"href":"https:\/\/www.jsg-niedergrafschaft.de\/web\/wp-json\/wp\/v2\/tags?post=6805"}],"curies":[{"name":"wp","href":"https:\/\/api.w.org\/{rel}","templated":true}]}}