{"id":6766,"date":"2025-08-14T20:33:16","date_gmt":"2025-08-14T18:33:16","guid":{"rendered":"https:\/\/www.jsg-niedergrafschaft.de\/web\/?p=6766"},"modified":"2026-02-19T11:53:08","modified_gmt":"2026-02-19T10:53:08","slug":"zum-pflichtspielauftakt-zwei-31-siege","status":"publish","type":"post","link":"https:\/\/www.jsg-niedergrafschaft.de\/web\/zum-pflichtspielauftakt-zwei-31-siege\/","title":{"rendered":"Zum Pflichtspielauftakt zwei 3:1-Siege"},"content":{"rendered":"\n\n\n\n<p>Gestern startete die neue Saison auf Bezirksebene mit den Partien der U17 und U19 im Bezirkspokal. Die U15 hatte spielfrei in der ersten Runde.<\/p>\n\n\n\n<h5 class=\"wp-block-heading has-medium-font-size\" style=\"font-style:normal;font-weight:200\"><img data-recalc-dims=\"1\" loading=\"lazy\" decoding=\"async\" width=\"300\" height=\"46\" data-attachment-id=\"732\" data-permalink=\"https:\/\/www.jsg-niedergrafschaft.de\/web\/jsg-logo-u17-elemental\/\" data-orig-file=\"https:\/\/i0.wp.com\/www.jsg-niedergrafschaft.de\/web\/wp-content\/uploads\/2022\/08\/jsg-logo-u17-elemental-e1660911760783.png?fit=854%2C130&amp;ssl=1\" data-orig-size=\"854,130\" data-comments-opened=\"0\" data-image-meta=\"{&quot;aperture&quot;:&quot;0&quot;,&quot;credit&quot;:&quot;&quot;,&quot;camera&quot;:&quot;&quot;,&quot;caption&quot;:&quot;&quot;,&quot;created_timestamp&quot;:&quot;0&quot;,&quot;copyright&quot;:&quot;&quot;,&quot;focal_length&quot;:&quot;0&quot;,&quot;iso&quot;:&quot;0&quot;,&quot;shutter_speed&quot;:&quot;0&quot;,&quot;title&quot;:&quot;&quot;,&quot;orientation&quot;:&quot;0&quot;}\" data-image-title=\"jsg-logo-u17\" data-image-description=\"\" data-image-caption=\"\" data-large-file=\"https:\/\/i0.wp.com\/www.jsg-niedergrafschaft.de\/web\/wp-content\/uploads\/2022\/08\/jsg-logo-u17-elemental-e1660911760783.png?fit=724%2C1024&amp;ssl=1\" class=\"wp-image-732\" style=\"width: 300px;\" src=\"https:\/\/i0.wp.com\/www.jsg-niedergrafschaft.de\/web\/wp-content\/uploads\/2022\/08\/jsg-logo-u17-elemental-e1660911760783.png?resize=300%2C46&#038;ssl=1\" alt=\"JSG U17\" srcset=\"https:\/\/i0.wp.com\/www.jsg-niedergrafschaft.de\/web\/wp-content\/uploads\/2022\/08\/jsg-logo-u17-elemental-e1660911760783.png?w=854&amp;ssl=1 854w, https:\/\/i0.wp.com\/www.jsg-niedergrafschaft.de\/web\/wp-content\/uploads\/2022\/08\/jsg-logo-u17-elemental-e1660911760783.png?resize=300%2C46&amp;ssl=1 300w, https:\/\/i0.wp.com\/www.jsg-niedergrafschaft.de\/web\/wp-content\/uploads\/2022\/08\/jsg-logo-u17-elemental-e1660911760783.png?resize=768%2C117&amp;ssl=1 768w\" sizes=\"auto, (max-width: 300px) 100vw, 300px\" \/><\/h5>\n\n\n\n<h6 class=\"wp-block-heading\" id=\"bericht-u17\" style=\"font-size:16px\">Toller Auftaktsieg gegen Landesligist Vorw\u00e4rts<\/h6>\n\n\n\n<figure class=\"wp-block-image size-large\"><a href=\"https:\/\/www.fussball.de\/spiel\/jsg-niedergrafschaft-emlichheim-sv-vorwaerts-nordhorn\/-\/spiel\/02TNCNQH28000000VS5489BTVV0LE4BT\" target=\"_blank\" rel=\" noreferrer noopener\"><img data-recalc-dims=\"1\" loading=\"lazy\" decoding=\"async\" width=\"1024\" height=\"111\" data-attachment-id=\"6768\" data-permalink=\"https:\/\/www.jsg-niedergrafschaft.de\/web\/zum-pflichtspielauftakt-zwei-31-siege\/image-325\/\" data-orig-file=\"https:\/\/i0.wp.com\/www.jsg-niedergrafschaft.de\/web\/wp-content\/uploads\/2025\/08\/image-3.png?fit=1039%2C113&amp;ssl=1\" data-orig-size=\"1039,113\" data-comments-opened=\"0\" data-image-meta=\"{&quot;aperture&quot;:&quot;0&quot;,&quot;credit&quot;:&quot;&quot;,&quot;camera&quot;:&quot;&quot;,&quot;caption&quot;:&quot;&quot;,&quot;created_timestamp&quot;:&quot;0&quot;,&quot;copyright&quot;:&quot;&quot;,&quot;focal_length&quot;:&quot;0&quot;,&quot;iso&quot;:&quot;0&quot;,&quot;shutter_speed&quot;:&quot;0&quot;,&quot;title&quot;:&quot;&quot;,&quot;orientation&quot;:&quot;0&quot;}\" data-image-title=\"image\" data-image-description=\"\" data-image-caption=\"\" data-large-file=\"https:\/\/i0.wp.com\/www.jsg-niedergrafschaft.de\/web\/wp-content\/uploads\/2025\/08\/image-3.png?fit=1024%2C111&amp;ssl=1\" src=\"https:\/\/i0.wp.com\/www.jsg-niedergrafschaft.de\/web\/wp-content\/uploads\/2025\/08\/image-3.png?resize=1024%2C111&#038;ssl=1\" alt=\"\" class=\"wp-image-6768\" srcset=\"https:\/\/i0.wp.com\/www.jsg-niedergrafschaft.de\/web\/wp-content\/uploads\/2025\/08\/image-3.png?resize=1024%2C111&amp;ssl=1 1024w, https:\/\/i0.wp.com\/www.jsg-niedergrafschaft.de\/web\/wp-content\/uploads\/2025\/08\/image-3.png?resize=300%2C33&amp;ssl=1 300w, https:\/\/i0.wp.com\/www.jsg-niedergrafschaft.de\/web\/wp-content\/uploads\/2025\/08\/image-3.png?resize=768%2C84&amp;ssl=1 768w, https:\/\/i0.wp.com\/www.jsg-niedergrafschaft.de\/web\/wp-content\/uploads\/2025\/08\/image-3.png?w=1039&amp;ssl=1 1039w\" sizes=\"auto, (max-width: 1024px) 100vw, 1024px\" \/><\/a><\/figure>\n\n\n\n<p>Bei sehr hohen Temperaturen von mehr als 30 Grad mussten die Jungs gestern im Pokal gegen den klassenh\u00f6heren Landesligisten Vorw\u00e4rts Nordhorn ran. Ein Testspiel gegen die Nordhorner hatten wir klar mit 4:0 verloren (konnten dort allerdings trotz des Ergebnisses gut mithalten). In den vergangenen Jahren sahen wir gegen Vorw\u00e4rts eigentlich immer gut aus, aber konnten am Ende nie gewinnen.<br><br>Die Nordhorner kamen gestern mit den Temperaturen augenscheinlich nicht so gut klar. Ganz anders unser Team, das von Beginn an voll da war und tollen Einsatz zeigte. Die G\u00e4ste konnten sich nur wenige Szenen erarbeiten, unsere JSG hatte einige kleinere Chancen. Kurz vor der Halbzeit setzte sich Ruben Weggebakker mit einem sch\u00f6nen Solo gegen mehrere Gegenspieler durch und konnte mit einem platzierten Fernschuss die 1:0-Halbzeitf\u00fchrung erzielen.<br><br>Gleich zu Beginn der H\u00e4lfte zwei dann erneut Ruben: bei einem Angriff erhielt er den Ball am 16er und konnte auch diesen gut zur 2:0-F\u00fchrung platzieren. Kurz darauf parierte Phil eine sehr gute Chance der G\u00e4ste. In Minute 49 schlenzte Felix Breukelman einen Freisto\u00df direkt ins Tor zum 3:0-Zwischenstand. Damit hatte gegen Vorw\u00e4rts keiner gerechnet, was auf der neuen Anzeigetafel in Emlichheim angezeigt wurde. <br>Aber die G\u00e4ste gaben nicht auf und die Kr\u00e4fte auf unserer Seite schwanden merklich &#8211; in der 71. Minute erzielte Vorw\u00e4rts den Anschlusstreffer zum 3:1. In den letzten 10 bis 15 Minuten (mit viel Nachspielzeit) machte Vorw\u00e4rts nochmal richtig Druck. Aber ein weiterer Treffer gelang den Nordhornern nicht mehr. Der souver\u00e4ne Schiri pfiff dann in Minute 87 die Partie ab und die Jungs hatten die \u00dcberraschung geschafft und sind damit eine Runde weiter im Bezirkspokal. <br><strong>Toll gespielt und gefightet &#8211; Gl\u00fcckwunsch!!!<\/strong><\/p>\n\n\n\n<p>Am Samstag geht es in der Liga ausw\u00e4rts los gegen JSG Schwefingen\/Meppen III\/Teglingen. <\/p>\n\n\n\n<script type=\"text\/javascript\">function svIframeInit(){const e=document.getElementById(\"svIframejsg-niedergrafschaft-b-jugend-u17-2526-vs-sv-vorwarts-nordhorn-b-jugend-u17-herbst-25-904172642\");window.addEventListener(\"message\",function(t){\"string\"!=typeof t.data&&(e.height=t.data)},!1),e.contentWindow.postMessage(\"message\",\"https:\/\/sport.video\/\")}<\/script><iframe id=\"svIframejsg-niedergrafschaft-b-jugend-u17-2526-vs-sv-vorwarts-nordhorn-b-jugend-u17-herbst-25-904172642\" src=\"https:\/\/sport.video\/embed-game\/jsg-niedergrafschaft-b-jugend-u17-2526-vs-sv-vorwarts-nordhorn-b-jugend-u17-herbst-25-904172642\/778409d1-53de-4c6d-9a63-4940d01baffd\"  scrolling=\"no\" frameborder=\"0\" style=\"width: 100%;\" onload=\"svIframeInit()\"><\/iframe> \n\n\n\n<div class=\"wp-block-columns is-not-stacked-on-mobile is-layout-flex wp-container-core-columns-is-layout-9d6595d7 wp-block-columns-is-layout-flex\">\n<div class=\"wp-block-column is-layout-flow wp-block-column-is-layout-flow\" style=\"flex-basis:50%\">\n<h4 class=\"wp-block-heading\"><sup><em> <\/em><\/sup>Dieter Veldhuis<\/h4>\n<\/div>\n\n\n\n<div class=\"wp-block-column is-vertically-aligned-top is-layout-flow wp-block-column-is-layout-flow\" style=\"flex-basis:50%\">\n<p class=\"has-text-align-right\"><a href=\"#\">nach oben <img data-recalc-dims=\"1\" decoding=\"async\" src=\"https:\/\/i0.wp.com\/www.jsg-niedergrafschaft.de\/web\/wp-content\/uploads\/2023\/08\/Pfeil-oben-30.png?w=1200&#038;ssl=1\" alt=\"\"><\/a><\/p>\n<\/div>\n<\/div>\n\n\n\n<hr class=\"wp-block-separator has-alpha-channel-opacity is-style-wide\"\/>\n\n\n\n<h5 class=\"wp-block-heading has-medium-font-size\" style=\"font-style:normal;font-weight:200\"><img data-recalc-dims=\"1\" loading=\"lazy\" decoding=\"async\" width=\"300\" height=\"47\" data-attachment-id=\"837\" data-permalink=\"https:\/\/www.jsg-niedergrafschaft.de\/web\/die-mannschaften\/u17-22-23\/jsg-logo-u19\/\" data-orig-file=\"https:\/\/i0.wp.com\/www.jsg-niedergrafschaft.de\/web\/wp-content\/uploads\/2022\/08\/jsg-logo-u19.png?fit=700%2C109&amp;ssl=1\" data-orig-size=\"700,109\" data-comments-opened=\"0\" data-image-meta=\"{&quot;aperture&quot;:&quot;0&quot;,&quot;credit&quot;:&quot;&quot;,&quot;camera&quot;:&quot;&quot;,&quot;caption&quot;:&quot;&quot;,&quot;created_timestamp&quot;:&quot;0&quot;,&quot;copyright&quot;:&quot;&quot;,&quot;focal_length&quot;:&quot;0&quot;,&quot;iso&quot;:&quot;0&quot;,&quot;shutter_speed&quot;:&quot;0&quot;,&quot;title&quot;:&quot;&quot;,&quot;orientation&quot;:&quot;0&quot;}\" data-image-title=\"JSG U19\" data-image-description=\"\" data-image-caption=\"\" data-large-file=\"https:\/\/i0.wp.com\/www.jsg-niedergrafschaft.de\/web\/wp-content\/uploads\/2022\/08\/jsg-logo-u19.png?fit=700%2C109&amp;ssl=1\" class=\"wp-image-837\" style=\"width: 300px;\" src=\"https:\/\/i0.wp.com\/www.jsg-niedergrafschaft.de\/web\/wp-content\/uploads\/2022\/08\/jsg-logo-u19.png?resize=300%2C47&#038;ssl=1\" alt=\"\" srcset=\"https:\/\/i0.wp.com\/www.jsg-niedergrafschaft.de\/web\/wp-content\/uploads\/2022\/08\/jsg-logo-u19.png?w=700&amp;ssl=1 700w, https:\/\/i0.wp.com\/www.jsg-niedergrafschaft.de\/web\/wp-content\/uploads\/2022\/08\/jsg-logo-u19.png?resize=300%2C47&amp;ssl=1 300w\" sizes=\"auto, (max-width: 300px) 100vw, 300px\" \/><\/h5>\n\n\n\n<h6 class=\"wp-block-heading\" id=\"bericht-u17\" style=\"font-size:16px\">Pokalsieg im Derby gegen die JSG ASC \/ Uelsen<\/h6>\n\n\n\n<figure class=\"wp-block-image size-large\"><a href=\"https:\/\/www.fussball.de\/spiel\/jsg-niedergrafschaft-emlichheim-jsg-asc-uelsen-a1\/-\/spiel\/02TNCDR6G0000000VS5489BUVSSD35NB\" target=\"_blank\" rel=\" noreferrer noopener\"><img data-recalc-dims=\"1\" loading=\"lazy\" decoding=\"async\" width=\"1024\" height=\"129\" data-attachment-id=\"6767\" data-permalink=\"https:\/\/www.jsg-niedergrafschaft.de\/web\/zum-pflichtspielauftakt-zwei-31-siege\/image-324\/\" data-orig-file=\"https:\/\/i0.wp.com\/www.jsg-niedergrafschaft.de\/web\/wp-content\/uploads\/2025\/08\/image-2.png?fit=1045%2C132&amp;ssl=1\" data-orig-size=\"1045,132\" data-comments-opened=\"0\" data-image-meta=\"{&quot;aperture&quot;:&quot;0&quot;,&quot;credit&quot;:&quot;&quot;,&quot;camera&quot;:&quot;&quot;,&quot;caption&quot;:&quot;&quot;,&quot;created_timestamp&quot;:&quot;0&quot;,&quot;copyright&quot;:&quot;&quot;,&quot;focal_length&quot;:&quot;0&quot;,&quot;iso&quot;:&quot;0&quot;,&quot;shutter_speed&quot;:&quot;0&quot;,&quot;title&quot;:&quot;&quot;,&quot;orientation&quot;:&quot;0&quot;}\" data-image-title=\"image\" data-image-description=\"\" data-image-caption=\"\" data-large-file=\"https:\/\/i0.wp.com\/www.jsg-niedergrafschaft.de\/web\/wp-content\/uploads\/2025\/08\/image-2.png?fit=1024%2C129&amp;ssl=1\" src=\"https:\/\/i0.wp.com\/www.jsg-niedergrafschaft.de\/web\/wp-content\/uploads\/2025\/08\/image-2.png?resize=1024%2C129&#038;ssl=1\" alt=\"\" class=\"wp-image-6767\" srcset=\"https:\/\/i0.wp.com\/www.jsg-niedergrafschaft.de\/web\/wp-content\/uploads\/2025\/08\/image-2.png?resize=1024%2C129&amp;ssl=1 1024w, https:\/\/i0.wp.com\/www.jsg-niedergrafschaft.de\/web\/wp-content\/uploads\/2025\/08\/image-2.png?resize=300%2C38&amp;ssl=1 300w, https:\/\/i0.wp.com\/www.jsg-niedergrafschaft.de\/web\/wp-content\/uploads\/2025\/08\/image-2.png?resize=768%2C97&amp;ssl=1 768w, https:\/\/i0.wp.com\/www.jsg-niedergrafschaft.de\/web\/wp-content\/uploads\/2025\/08\/image-2.png?w=1045&amp;ssl=1 1045w\" sizes=\"auto, (max-width: 1024px) 100vw, 1024px\" \/><\/a><\/figure>\n\n\n\n<p>Im ersten Pokalspiel der neuen Saison hatten wir die JSG ASC \/Uelsen in Laarwald zu Gast. Nach der Vorbereitung wei\u00df man noch nicht, wo man genau steht. Wir haben uns vor dem Spiel viel vorgenommen und wollten das Spiel gestalten aber nicht ins offene Messer laufen. Die Jungs haben das sehr gut umgesetzt. <br>Wir haben das Spiel von Anfang an dominiert und haben uns einige Torchancen herausgespielt. Gelegentliche Konter von den G\u00e4sten haben wir sehr gut verteidigt. In der 38. Minute war es dann endlich soweit. Julian schickt Radin mit einem tollen Pass und Radin \u00fcberlupft den Torh\u00fcter der G\u00e4ste zum 1:0. So ging es dann auch in die Halbzeitpause. <br>In der 2. Halbzeit konnten dann Josia und wieder Radin in der 52. und 55. Minute auf 3:0 erh\u00f6hen. In der 76. Minute gelang den G\u00e4sten der Anschlu\u00dftreffer durch einen Elfmeter zum 3:1 Endstand. <br><br>Wir sind mit dem Erfolg nat\u00fcrlich sehr zufrieden und freuen uns schon auf die n\u00e4chste Pokalrunde. Die Jungs haben heute vieles richtig gemacht und haben im Spiel alles gegeben. Am Montag, den 18.8. 2025 spielen wir um 19:30 gegen die JSG Lohne\/Wietmarschen in Wietmarschen das erste Meisterschaftsspiel in der Bezirksliga. <strong>Kommt gerne zum zuschauen und anfeuern vorbei.<\/strong><\/p>\n\n\n\n<figure class=\"wp-block-video\"><video height=\"480\" style=\"aspect-ratio: 848 \/ 480;\" width=\"848\" controls poster=\"https:\/\/www.jsg-niedergrafschaft.de\/web\/wp-content\/uploads\/2023\/08\/JSG-Video-Hintergrund.png\" src=\"https:\/\/www.jsg-niedergrafschaft.de\/web\/wp-content\/uploads\/2025\/08\/WhatsApp-Video-2025-08-14-at-06.56.55.mp4\"><\/video><\/figure>\n\n\n\n<figure class=\"wp-block-video\"><video height=\"464\" style=\"aspect-ratio: 832 \/ 464;\" width=\"832\" controls poster=\"https:\/\/www.jsg-niedergrafschaft.de\/web\/wp-content\/uploads\/2023\/08\/JSG-Video-Hintergrund.png\" src=\"https:\/\/www.jsg-niedergrafschaft.de\/web\/wp-content\/uploads\/2025\/08\/WhatsApp-Video-2025-08-14-at-06.56.55-1.mp4\"><\/video><\/figure>\n\n\n\n<div class=\"wp-block-columns is-not-stacked-on-mobile is-layout-flex wp-container-core-columns-is-layout-9d6595d7 wp-block-columns-is-layout-flex\">\n<div class=\"wp-block-column is-layout-flow wp-block-column-is-layout-flow\" style=\"flex-basis:50%\">\n<h4 class=\"wp-block-heading\"><sup><em> <\/em><\/sup>J\u00fcrgen Wolters<\/h4>\n<\/div>\n\n\n\n<div class=\"wp-block-column is-vertically-aligned-top is-layout-flow wp-block-column-is-layout-flow\" style=\"flex-basis:50%\">\n<p class=\"has-text-align-right\"><a href=\"#\">nach oben <img data-recalc-dims=\"1\" decoding=\"async\" src=\"https:\/\/i0.wp.com\/www.jsg-niedergrafschaft.de\/web\/wp-content\/uploads\/2023\/08\/Pfeil-oben-30.png?w=1200&#038;ssl=1\" alt=\"\"><\/a><\/p>\n<\/div>\n<\/div>\n\n\n\n<h6 class=\"wp-block-heading has-nv-site-bg-color has-text-color\"><img data-recalc-dims=\"1\" loading=\"lazy\" decoding=\"async\" width=\"300\" height=\"75\" data-attachment-id=\"3309\" data-permalink=\"https:\/\/www.jsg-niedergrafschaft.de\/web\/berichte-von-den-montagsspielen-u15-und-u13\/vorschau-jsg\/\" data-orig-file=\"https:\/\/i0.wp.com\/www.jsg-niedergrafschaft.de\/web\/wp-content\/uploads\/2023\/08\/vorschau-jsg-1.png?fit=700%2C175&amp;ssl=1\" data-orig-size=\"700,175\" data-comments-opened=\"0\" data-image-meta=\"{&quot;aperture&quot;:&quot;0&quot;,&quot;credit&quot;:&quot;&quot;,&quot;camera&quot;:&quot;&quot;,&quot;caption&quot;:&quot;&quot;,&quot;created_timestamp&quot;:&quot;0&quot;,&quot;copyright&quot;:&quot;&quot;,&quot;focal_length&quot;:&quot;0&quot;,&quot;iso&quot;:&quot;0&quot;,&quot;shutter_speed&quot;:&quot;0&quot;,&quot;title&quot;:&quot;&quot;,&quot;orientation&quot;:&quot;0&quot;}\" data-image-title=\"vorschau-jsg\" data-image-description=\"\" data-image-caption=\"\" data-large-file=\"https:\/\/i0.wp.com\/www.jsg-niedergrafschaft.de\/web\/wp-content\/uploads\/2023\/08\/vorschau-jsg-1.png?fit=700%2C175&amp;ssl=1\" class=\"wp-image-3309\" style=\"width: 300px;\" src=\"https:\/\/i0.wp.com\/www.jsg-niedergrafschaft.de\/web\/wp-content\/uploads\/2023\/08\/vorschau-jsg-1.png?resize=300%2C75&#038;ssl=1\" alt=\"\" srcset=\"https:\/\/i0.wp.com\/www.jsg-niedergrafschaft.de\/web\/wp-content\/uploads\/2023\/08\/vorschau-jsg-1.png?w=700&amp;ssl=1 700w, https:\/\/i0.wp.com\/www.jsg-niedergrafschaft.de\/web\/wp-content\/uploads\/2023\/08\/vorschau-jsg-1.png?resize=300%2C75&amp;ssl=1 300w\" sizes=\"auto, (max-width: 300px) 100vw, 300px\" \/><sup>Vorschau &#8211; so geht es weiter<\/sup><\/h6>\n\n\n\n<figure class=\"wp-block-image size-large\"><img data-recalc-dims=\"1\" loading=\"lazy\" decoding=\"async\" width=\"1024\" height=\"573\" data-attachment-id=\"6771\" data-permalink=\"https:\/\/www.jsg-niedergrafschaft.de\/web\/zum-pflichtspielauftakt-zwei-31-siege\/image-326\/\" data-orig-file=\"https:\/\/i0.wp.com\/www.jsg-niedergrafschaft.de\/web\/wp-content\/uploads\/2025\/08\/image-4.png?fit=1141%2C639&amp;ssl=1\" data-orig-size=\"1141,639\" data-comments-opened=\"0\" data-image-meta=\"{&quot;aperture&quot;:&quot;0&quot;,&quot;credit&quot;:&quot;&quot;,&quot;camera&quot;:&quot;&quot;,&quot;caption&quot;:&quot;&quot;,&quot;created_timestamp&quot;:&quot;0&quot;,&quot;copyright&quot;:&quot;&quot;,&quot;focal_length&quot;:&quot;0&quot;,&quot;iso&quot;:&quot;0&quot;,&quot;shutter_speed&quot;:&quot;0&quot;,&quot;title&quot;:&quot;&quot;,&quot;orientation&quot;:&quot;0&quot;}\" data-image-title=\"image\" data-image-description=\"\" data-image-caption=\"\" data-large-file=\"https:\/\/i0.wp.com\/www.jsg-niedergrafschaft.de\/web\/wp-content\/uploads\/2025\/08\/image-4.png?fit=1024%2C573&amp;ssl=1\" src=\"https:\/\/i0.wp.com\/www.jsg-niedergrafschaft.de\/web\/wp-content\/uploads\/2025\/08\/image-4.png?resize=1024%2C573&#038;ssl=1\" alt=\"\" class=\"wp-image-6771\" srcset=\"https:\/\/i0.wp.com\/www.jsg-niedergrafschaft.de\/web\/wp-content\/uploads\/2025\/08\/image-4.png?resize=1024%2C573&amp;ssl=1 1024w, https:\/\/i0.wp.com\/www.jsg-niedergrafschaft.de\/web\/wp-content\/uploads\/2025\/08\/image-4.png?resize=300%2C168&amp;ssl=1 300w, https:\/\/i0.wp.com\/www.jsg-niedergrafschaft.de\/web\/wp-content\/uploads\/2025\/08\/image-4.png?resize=768%2C430&amp;ssl=1 768w, https:\/\/i0.wp.com\/www.jsg-niedergrafschaft.de\/web\/wp-content\/uploads\/2025\/08\/image-4.png?w=1141&amp;ssl=1 1141w\" sizes=\"auto, (max-width: 1024px) 100vw, 1024px\" \/><\/figure>\n\n\n\n<p>Die n\u00e4chsten Spiele \u2013 gerne vorbeikommen, zuschauen und anfeuern!<\/p>\n\n\n\n<h5 class=\"wp-block-heading has-text-align-left has-small-font-size\"><sub>Zusammenstellung des Berichtes von Dieter Veldhuis<\/sub><\/h5>\n\n\n\n<p class=\"has-text-align-right\"><a href=\"#\">nach oben <img data-recalc-dims=\"1\" loading=\"lazy\" decoding=\"async\" width=\"23\" height=\"30\" data-attachment-id=\"3304\" data-permalink=\"https:\/\/www.jsg-niedergrafschaft.de\/web\/berichte-von-den-montagsspielen-u15-und-u13\/pfeil-oben-30\/\" data-orig-file=\"https:\/\/i0.wp.com\/www.jsg-niedergrafschaft.de\/web\/wp-content\/uploads\/2023\/08\/Pfeil-oben-30.png?fit=23%2C30&amp;ssl=1\" data-orig-size=\"23,30\" data-comments-opened=\"0\" data-image-meta=\"{&quot;aperture&quot;:&quot;0&quot;,&quot;credit&quot;:&quot;&quot;,&quot;camera&quot;:&quot;&quot;,&quot;caption&quot;:&quot;&quot;,&quot;created_timestamp&quot;:&quot;0&quot;,&quot;copyright&quot;:&quot;&quot;,&quot;focal_length&quot;:&quot;0&quot;,&quot;iso&quot;:&quot;0&quot;,&quot;shutter_speed&quot;:&quot;0&quot;,&quot;title&quot;:&quot;&quot;,&quot;orientation&quot;:&quot;0&quot;}\" data-image-title=\"Pfeil-oben-30\" data-image-description=\"\" data-image-caption=\"\" data-large-file=\"https:\/\/i0.wp.com\/www.jsg-niedergrafschaft.de\/web\/wp-content\/uploads\/2023\/08\/Pfeil-oben-30.png?fit=23%2C30&amp;ssl=1\" class=\"wp-image-3304\" style=\"width: 23px;\" src=\"https:\/\/i0.wp.com\/www.jsg-niedergrafschaft.de\/web\/wp-content\/uploads\/2023\/08\/Pfeil-oben-30.png?resize=23%2C30&#038;ssl=1\" alt=\"\"><\/a><\/p>\n","protected":false},"excerpt":{"rendered":"<p>Gestern startete die neue Saison auf Bezirksebene mit den Partien der U17 und U19 im Bezirkspokal. Die U15 hatte spielfrei in der ersten Runde.<\/p>\n","protected":false},"author":3,"featured_media":6763,"comment_status":"closed","ping_status":"closed","sticky":false,"template":"","format":"standard","meta":{"neve_meta_sidebar":"","neve_meta_container":"","neve_meta_enable_content_width":"","neve_meta_content_width":0,"neve_meta_title_alignment":"","neve_meta_author_avatar":"","neve_post_elements_order":"","neve_meta_disable_header":"","neve_meta_disable_footer":"","neve_meta_disable_title":"","_jetpack_memberships_contains_paid_content":false,"footnotes":"","jetpack_publicize_message":"","jetpack_publicize_feature_enabled":true,"jetpack_social_post_already_shared":true,"jetpack_social_options":{"image_generator_settings":{"template":"highway","default_image_id":0,"font":"","enabled":false},"version":2}},"categories":[1],"tags":[16,21],"class_list":["post-6766","post","type-post","status-publish","format-standard","has-post-thumbnail","hentry","category-allgemeines","tag-u17","tag-u19"],"jetpack_publicize_connections":[],"jetpack_featured_media_url":"https:\/\/i0.wp.com\/www.jsg-niedergrafschaft.de\/web\/wp-content\/uploads\/2025\/08\/Teamfoto-JSG-U17-2025-2026.png?fit=1492%2C844&ssl=1","jetpack_sharing_enabled":true,"_links":{"self":[{"href":"https:\/\/www.jsg-niedergrafschaft.de\/web\/wp-json\/wp\/v2\/posts\/6766","targetHints":{"allow":["GET"]}}],"collection":[{"href":"https:\/\/www.jsg-niedergrafschaft.de\/web\/wp-json\/wp\/v2\/posts"}],"about":[{"href":"https:\/\/www.jsg-niedergrafschaft.de\/web\/wp-json\/wp\/v2\/types\/post"}],"author":[{"embeddable":true,"href":"https:\/\/www.jsg-niedergrafschaft.de\/web\/wp-json\/wp\/v2\/users\/3"}],"replies":[{"embeddable":true,"href":"https:\/\/www.jsg-niedergrafschaft.de\/web\/wp-json\/wp\/v2\/comments?post=6766"}],"version-history":[{"count":9,"href":"https:\/\/www.jsg-niedergrafschaft.de\/web\/wp-json\/wp\/v2\/posts\/6766\/revisions"}],"predecessor-version":[{"id":7513,"href":"https:\/\/www.jsg-niedergrafschaft.de\/web\/wp-json\/wp\/v2\/posts\/6766\/revisions\/7513"}],"wp:featuredmedia":[{"embeddable":true,"href":"https:\/\/www.jsg-niedergrafschaft.de\/web\/wp-json\/wp\/v2\/media\/6763"}],"wp:attachment":[{"href":"https:\/\/www.jsg-niedergrafschaft.de\/web\/wp-json\/wp\/v2\/media?parent=6766"}],"wp:term":[{"taxonomy":"category","embeddable":true,"href":"https:\/\/www.jsg-niedergrafschaft.de\/web\/wp-json\/wp\/v2\/categories?post=6766"},{"taxonomy":"post_tag","embeddable":true,"href":"https:\/\/www.jsg-niedergrafschaft.de\/web\/wp-json\/wp\/v2\/tags?post=6766"}],"curies":[{"name":"wp","href":"https:\/\/api.w.org\/{rel}","templated":true}]}}