{"id":6310,"date":"2025-03-21T08:35:09","date_gmt":"2025-03-21T07:35:09","guid":{"rendered":"https:\/\/www.jsg-niedergrafschaft.de\/web\/?p=6310"},"modified":"2025-03-21T08:39:30","modified_gmt":"2025-03-21T07:39:30","slug":"u19-verliert-mit-43-in-susa","status":"publish","type":"post","link":"https:\/\/www.jsg-niedergrafschaft.de\/web\/u19-verliert-mit-43-in-susa\/","title":{"rendered":"U19 verliert mit 4:3 in SuSa"},"content":{"rendered":"\n\n\n\n<hr class=\"wp-block-separator has-alpha-channel-opacity is-style-wide\"\/>\n\n\n\n<h5 class=\"wp-block-heading has-medium-font-size\" style=\"font-style:normal;font-weight:200\"><img data-recalc-dims=\"1\" loading=\"lazy\" decoding=\"async\" width=\"300\" height=\"47\" data-attachment-id=\"837\" data-permalink=\"https:\/\/www.jsg-niedergrafschaft.de\/web\/die-mannschaften\/u17-22-23\/jsg-logo-u19\/\" data-orig-file=\"https:\/\/i0.wp.com\/www.jsg-niedergrafschaft.de\/web\/wp-content\/uploads\/2022\/08\/jsg-logo-u19.png?fit=700%2C109&amp;ssl=1\" data-orig-size=\"700,109\" data-comments-opened=\"0\" data-image-meta=\"{&quot;aperture&quot;:&quot;0&quot;,&quot;credit&quot;:&quot;&quot;,&quot;camera&quot;:&quot;&quot;,&quot;caption&quot;:&quot;&quot;,&quot;created_timestamp&quot;:&quot;0&quot;,&quot;copyright&quot;:&quot;&quot;,&quot;focal_length&quot;:&quot;0&quot;,&quot;iso&quot;:&quot;0&quot;,&quot;shutter_speed&quot;:&quot;0&quot;,&quot;title&quot;:&quot;&quot;,&quot;orientation&quot;:&quot;0&quot;}\" data-image-title=\"JSG U19\" data-image-description=\"\" data-image-caption=\"\" data-large-file=\"https:\/\/i0.wp.com\/www.jsg-niedergrafschaft.de\/web\/wp-content\/uploads\/2022\/08\/jsg-logo-u19.png?fit=700%2C109&amp;ssl=1\" class=\"wp-image-837\" style=\"width: 300px;\" src=\"https:\/\/i0.wp.com\/www.jsg-niedergrafschaft.de\/web\/wp-content\/uploads\/2022\/08\/jsg-logo-u19.png?resize=300%2C47&#038;ssl=1\" alt=\"\" srcset=\"https:\/\/i0.wp.com\/www.jsg-niedergrafschaft.de\/web\/wp-content\/uploads\/2022\/08\/jsg-logo-u19.png?w=700&amp;ssl=1 700w, https:\/\/i0.wp.com\/www.jsg-niedergrafschaft.de\/web\/wp-content\/uploads\/2022\/08\/jsg-logo-u19.png?resize=300%2C47&amp;ssl=1 300w\" sizes=\"auto, (max-width: 300px) 100vw, 300px\" \/><\/h5>\n\n\n\n<h6 class=\"wp-block-heading\" style=\"font-size:16px\">N<strong>ach Euphorie wieder Ern\u00fcchterung in Samern<\/strong><\/h6>\n\n\n\n<figure class=\"wp-block-image size-full\"><a href=\"https:\/\/www.fussball.de\/spiel\/sv-suddendorf-samern-jsg-niedergrafschaft\/-\/spiel\/02PS1J830O000000VS5489B4VVTKJJ35\" target=\"_blank\" rel=\" noreferrer noopener\"><img data-recalc-dims=\"1\" loading=\"lazy\" decoding=\"async\" width=\"744\" height=\"75\" data-attachment-id=\"6311\" data-permalink=\"https:\/\/www.jsg-niedergrafschaft.de\/web\/u19-verliert-mit-43-in-susa\/image-243\/\" data-orig-file=\"https:\/\/i0.wp.com\/www.jsg-niedergrafschaft.de\/web\/wp-content\/uploads\/2025\/03\/image-16.png?fit=744%2C75&amp;ssl=1\" data-orig-size=\"744,75\" data-comments-opened=\"0\" data-image-meta=\"{&quot;aperture&quot;:&quot;0&quot;,&quot;credit&quot;:&quot;&quot;,&quot;camera&quot;:&quot;&quot;,&quot;caption&quot;:&quot;&quot;,&quot;created_timestamp&quot;:&quot;0&quot;,&quot;copyright&quot;:&quot;&quot;,&quot;focal_length&quot;:&quot;0&quot;,&quot;iso&quot;:&quot;0&quot;,&quot;shutter_speed&quot;:&quot;0&quot;,&quot;title&quot;:&quot;&quot;,&quot;orientation&quot;:&quot;0&quot;}\" data-image-title=\"image\" data-image-description=\"\" data-image-caption=\"\" data-large-file=\"https:\/\/i0.wp.com\/www.jsg-niedergrafschaft.de\/web\/wp-content\/uploads\/2025\/03\/image-16.png?fit=744%2C75&amp;ssl=1\" src=\"https:\/\/i0.wp.com\/www.jsg-niedergrafschaft.de\/web\/wp-content\/uploads\/2025\/03\/image-16.png?resize=744%2C75&#038;ssl=1\" alt=\"\" class=\"wp-image-6311\" srcset=\"https:\/\/i0.wp.com\/www.jsg-niedergrafschaft.de\/web\/wp-content\/uploads\/2025\/03\/image-16.png?w=744&amp;ssl=1 744w, https:\/\/i0.wp.com\/www.jsg-niedergrafschaft.de\/web\/wp-content\/uploads\/2025\/03\/image-16.png?resize=300%2C30&amp;ssl=1 300w\" sizes=\"auto, (max-width: 744px) 100vw, 744px\" \/><\/a><\/figure>\n\n\n\n<p>Nach der \u00fcberzeugenden Partie im Pokal ging es am Mittwochabend nach Samern. Ansto\u00df um 20 Uhr(!). Kann man bei Gelegenheit nochmal einen Staffelleiter drauf ansprechen, ob er wei\u00df, wie weit das ist und dass wir auch noch Sch\u00fcler in der Mannschaft haben.<br><br>Die Partie startete etwas unkonzentriert, aber wir kamen ins Spiel, ein Abstauber von Klaas und eine sch\u00f6nes Kopfballtor von Sem brachten uns in F\u00fchrung. Dann aber schlichen sich Unaufmerksamkeiten ein. Der Gastgeber sp\u00fcrte das und \u00e4nderte die Gangart, sie gingen fast in jedem Zweikampf an die Grenze des Erlaubten und manchmal dar\u00fcber. Der Schiri fuhr ein gro\u00dfz\u00fcgige Linie und so kam Hektik auf. Dennoch hatten sie erreicht was sie wollten, unsere Jungs verloren den Faden und ein Stellungsfehler wurde noch vor der Halbzeit ausgenutzt. Nur 5 Minuten nach der Halbzeit f\u00fchrten sie pl\u00f6tzlich 3:2 beg\u00fcnstigt durch pers\u00f6nliche Fehler auf unserer Seite. Ein dreifach Wechsel sollte das Blatt noch einmal zu unseren Gunsten wenden, das schien auch zu funktionieren. Der eingewechselte Kai Reinink als Sturmspitze gelang der Ausgleich. Nun war es ein auf- und ab! F\u00e4llt noch ein ein Treffer und wenn, wo? Alles war pl\u00f6tzlich m\u00f6glich. Viel Hektik und eine Reihe gelber Karten auf beiden Seiten zeigten, was sich auf dem Platz abspielte. Dann kurz vor Spielende ein Freisto\u00df aus 20 Metern. Der Spieler von SuSa zirkelte den Ball \u00fcber die Mauer ins Eck. Darauf folgende w\u00fctende Angriffe, brachten nicht mehr den noch angepeilten Ausgleich.<br>Entt\u00e4uscht verlie\u00dfen wir Samern, wissend dass wir unn\u00f6tig einen klar geglaubten Sieg aus H\u00e4nden gegeben haben. Wir haben uns durch eine harte Gangart abtrumpfen lassen und uns auch selbst dazu hinrei\u00dfen lassen, das h\u00e4tte nicht passieren d\u00fcrfen.<\/p>\n\n\n\n<div class=\"wp-block-columns is-not-stacked-on-mobile is-layout-flex wp-container-core-columns-is-layout-9d6595d7 wp-block-columns-is-layout-flex\">\n<div class=\"wp-block-column is-layout-flow wp-block-column-is-layout-flow\" style=\"flex-basis:50%\">\n<h4 class=\"wp-block-heading\"><sup><em>  <\/em><\/sup>Albert Lichtendonk<\/h4>\n<\/div>\n\n\n\n<div class=\"wp-block-column is-vertically-aligned-top is-layout-flow wp-block-column-is-layout-flow\" style=\"flex-basis:50%\">\n<p class=\"has-text-align-right\"><a href=\"#\">nach oben <img data-recalc-dims=\"1\" decoding=\"async\" src=\"https:\/\/i0.wp.com\/www.jsg-niedergrafschaft.de\/web\/wp-content\/uploads\/2023\/08\/Pfeil-oben-30.png?w=1200&#038;ssl=1\" alt=\"\"><\/a><\/p>\n<\/div>\n<\/div>\n\n\n\n<hr class=\"wp-block-separator has-alpha-channel-opacity is-style-wide\"\/>\n\n\n\n<h6 class=\"wp-block-heading has-nv-site-bg-color has-text-color\"><img data-recalc-dims=\"1\" loading=\"lazy\" decoding=\"async\" width=\"300\" height=\"75\" data-attachment-id=\"3309\" data-permalink=\"https:\/\/www.jsg-niedergrafschaft.de\/web\/berichte-von-den-montagsspielen-u15-und-u13\/vorschau-jsg\/\" data-orig-file=\"https:\/\/i0.wp.com\/www.jsg-niedergrafschaft.de\/web\/wp-content\/uploads\/2023\/08\/vorschau-jsg-1.png?fit=700%2C175&amp;ssl=1\" data-orig-size=\"700,175\" data-comments-opened=\"0\" data-image-meta=\"{&quot;aperture&quot;:&quot;0&quot;,&quot;credit&quot;:&quot;&quot;,&quot;camera&quot;:&quot;&quot;,&quot;caption&quot;:&quot;&quot;,&quot;created_timestamp&quot;:&quot;0&quot;,&quot;copyright&quot;:&quot;&quot;,&quot;focal_length&quot;:&quot;0&quot;,&quot;iso&quot;:&quot;0&quot;,&quot;shutter_speed&quot;:&quot;0&quot;,&quot;title&quot;:&quot;&quot;,&quot;orientation&quot;:&quot;0&quot;}\" data-image-title=\"vorschau-jsg\" data-image-description=\"\" data-image-caption=\"\" data-large-file=\"https:\/\/i0.wp.com\/www.jsg-niedergrafschaft.de\/web\/wp-content\/uploads\/2023\/08\/vorschau-jsg-1.png?fit=700%2C175&amp;ssl=1\" class=\"wp-image-3309\" style=\"width: 300px;\" src=\"https:\/\/i0.wp.com\/www.jsg-niedergrafschaft.de\/web\/wp-content\/uploads\/2023\/08\/vorschau-jsg-1.png?resize=300%2C75&#038;ssl=1\" alt=\"\" srcset=\"https:\/\/i0.wp.com\/www.jsg-niedergrafschaft.de\/web\/wp-content\/uploads\/2023\/08\/vorschau-jsg-1.png?w=700&amp;ssl=1 700w, https:\/\/i0.wp.com\/www.jsg-niedergrafschaft.de\/web\/wp-content\/uploads\/2023\/08\/vorschau-jsg-1.png?resize=300%2C75&amp;ssl=1 300w\" sizes=\"auto, (max-width: 300px) 100vw, 300px\" \/><sup>Vorschau &#8211; so geht es weiter<\/sup><\/h6>\n\n\n\n<figure class=\"wp-block-image size-full\"><img data-recalc-dims=\"1\" loading=\"lazy\" decoding=\"async\" width=\"784\" height=\"285\" data-attachment-id=\"6312\" data-permalink=\"https:\/\/www.jsg-niedergrafschaft.de\/web\/u19-verliert-mit-43-in-susa\/image-244\/\" data-orig-file=\"https:\/\/i0.wp.com\/www.jsg-niedergrafschaft.de\/web\/wp-content\/uploads\/2025\/03\/image-17.png?fit=784%2C285&amp;ssl=1\" data-orig-size=\"784,285\" data-comments-opened=\"0\" data-image-meta=\"{&quot;aperture&quot;:&quot;0&quot;,&quot;credit&quot;:&quot;&quot;,&quot;camera&quot;:&quot;&quot;,&quot;caption&quot;:&quot;&quot;,&quot;created_timestamp&quot;:&quot;0&quot;,&quot;copyright&quot;:&quot;&quot;,&quot;focal_length&quot;:&quot;0&quot;,&quot;iso&quot;:&quot;0&quot;,&quot;shutter_speed&quot;:&quot;0&quot;,&quot;title&quot;:&quot;&quot;,&quot;orientation&quot;:&quot;0&quot;}\" data-image-title=\"image\" data-image-description=\"\" data-image-caption=\"\" data-large-file=\"https:\/\/i0.wp.com\/www.jsg-niedergrafschaft.de\/web\/wp-content\/uploads\/2025\/03\/image-17.png?fit=784%2C285&amp;ssl=1\" src=\"https:\/\/i0.wp.com\/www.jsg-niedergrafschaft.de\/web\/wp-content\/uploads\/2025\/03\/image-17.png?resize=784%2C285&#038;ssl=1\" alt=\"\" class=\"wp-image-6312\" srcset=\"https:\/\/i0.wp.com\/www.jsg-niedergrafschaft.de\/web\/wp-content\/uploads\/2025\/03\/image-17.png?w=784&amp;ssl=1 784w, https:\/\/i0.wp.com\/www.jsg-niedergrafschaft.de\/web\/wp-content\/uploads\/2025\/03\/image-17.png?resize=300%2C109&amp;ssl=1 300w, https:\/\/i0.wp.com\/www.jsg-niedergrafschaft.de\/web\/wp-content\/uploads\/2025\/03\/image-17.png?resize=768%2C279&amp;ssl=1 768w\" sizes=\"auto, (max-width: 784px) 100vw, 784px\" \/><\/figure>\n\n\n\n<p>Die n\u00e4chsten JSG-Spiele<\/p>\n\n\n\n<h5 class=\"wp-block-heading has-text-align-left has-small-font-size\"><sub>Zusammenstellung des Berichtes von Dieter Veldhuis<\/sub><\/h5>\n\n\n\n<p class=\"has-text-align-right\"><a href=\"#\">nach oben <img data-recalc-dims=\"1\" loading=\"lazy\" decoding=\"async\" width=\"23\" height=\"30\" data-attachment-id=\"3304\" data-permalink=\"https:\/\/www.jsg-niedergrafschaft.de\/web\/berichte-von-den-montagsspielen-u15-und-u13\/pfeil-oben-30\/\" data-orig-file=\"https:\/\/i0.wp.com\/www.jsg-niedergrafschaft.de\/web\/wp-content\/uploads\/2023\/08\/Pfeil-oben-30.png?fit=23%2C30&amp;ssl=1\" data-orig-size=\"23,30\" data-comments-opened=\"0\" data-image-meta=\"{&quot;aperture&quot;:&quot;0&quot;,&quot;credit&quot;:&quot;&quot;,&quot;camera&quot;:&quot;&quot;,&quot;caption&quot;:&quot;&quot;,&quot;created_timestamp&quot;:&quot;0&quot;,&quot;copyright&quot;:&quot;&quot;,&quot;focal_length&quot;:&quot;0&quot;,&quot;iso&quot;:&quot;0&quot;,&quot;shutter_speed&quot;:&quot;0&quot;,&quot;title&quot;:&quot;&quot;,&quot;orientation&quot;:&quot;0&quot;}\" data-image-title=\"Pfeil-oben-30\" data-image-description=\"\" data-image-caption=\"\" data-large-file=\"https:\/\/i0.wp.com\/www.jsg-niedergrafschaft.de\/web\/wp-content\/uploads\/2023\/08\/Pfeil-oben-30.png?fit=23%2C30&amp;ssl=1\" class=\"wp-image-3304\" style=\"width: 23px;\" src=\"https:\/\/i0.wp.com\/www.jsg-niedergrafschaft.de\/web\/wp-content\/uploads\/2023\/08\/Pfeil-oben-30.png?resize=23%2C30&#038;ssl=1\" alt=\"\"><\/a><\/p>\n","protected":false},"excerpt":{"rendered":"<p>Nach der \u00fcberzeugenden Partie im Pokal ging es am Mittwochabend nach Samern. Ansto\u00df um 20 Uhr(!). <\/p>\n","protected":false},"author":3,"featured_media":6311,"comment_status":"closed","ping_status":"closed","sticky":false,"template":"","format":"standard","meta":{"neve_meta_sidebar":"","neve_meta_container":"","neve_meta_enable_content_width":"","neve_meta_content_width":0,"neve_meta_title_alignment":"","neve_meta_author_avatar":"","neve_post_elements_order":"","neve_meta_disable_header":"","neve_meta_disable_footer":"","neve_meta_disable_title":"","_jetpack_memberships_contains_paid_content":false,"footnotes":"","jetpack_publicize_message":"","jetpack_publicize_feature_enabled":true,"jetpack_social_post_already_shared":true,"jetpack_social_options":{"image_generator_settings":{"template":"highway","default_image_id":0,"font":"","enabled":false},"version":2}},"categories":[1],"tags":[21],"class_list":["post-6310","post","type-post","status-publish","format-standard","has-post-thumbnail","hentry","category-allgemeines","tag-u19"],"jetpack_publicize_connections":[],"jetpack_featured_media_url":"https:\/\/i0.wp.com\/www.jsg-niedergrafschaft.de\/web\/wp-content\/uploads\/2025\/03\/image-16.png?fit=744%2C75&ssl=1","jetpack_sharing_enabled":true,"_links":{"self":[{"href":"https:\/\/www.jsg-niedergrafschaft.de\/web\/wp-json\/wp\/v2\/posts\/6310","targetHints":{"allow":["GET"]}}],"collection":[{"href":"https:\/\/www.jsg-niedergrafschaft.de\/web\/wp-json\/wp\/v2\/posts"}],"about":[{"href":"https:\/\/www.jsg-niedergrafschaft.de\/web\/wp-json\/wp\/v2\/types\/post"}],"author":[{"embeddable":true,"href":"https:\/\/www.jsg-niedergrafschaft.de\/web\/wp-json\/wp\/v2\/users\/3"}],"replies":[{"embeddable":true,"href":"https:\/\/www.jsg-niedergrafschaft.de\/web\/wp-json\/wp\/v2\/comments?post=6310"}],"version-history":[{"count":2,"href":"https:\/\/www.jsg-niedergrafschaft.de\/web\/wp-json\/wp\/v2\/posts\/6310\/revisions"}],"predecessor-version":[{"id":6314,"href":"https:\/\/www.jsg-niedergrafschaft.de\/web\/wp-json\/wp\/v2\/posts\/6310\/revisions\/6314"}],"wp:featuredmedia":[{"embeddable":true,"href":"https:\/\/www.jsg-niedergrafschaft.de\/web\/wp-json\/wp\/v2\/media\/6311"}],"wp:attachment":[{"href":"https:\/\/www.jsg-niedergrafschaft.de\/web\/wp-json\/wp\/v2\/media?parent=6310"}],"wp:term":[{"taxonomy":"category","embeddable":true,"href":"https:\/\/www.jsg-niedergrafschaft.de\/web\/wp-json\/wp\/v2\/categories?post=6310"},{"taxonomy":"post_tag","embeddable":true,"href":"https:\/\/www.jsg-niedergrafschaft.de\/web\/wp-json\/wp\/v2\/tags?post=6310"}],"curies":[{"name":"wp","href":"https:\/\/api.w.org\/{rel}","templated":true}]}}