{"id":5825,"date":"2024-12-27T10:27:49","date_gmt":"2024-12-27T09:27:49","guid":{"rendered":"https:\/\/www.jsg-niedergrafschaft.de\/web\/?p=5825"},"modified":"2024-12-27T10:27:51","modified_gmt":"2024-12-27T09:27:51","slug":"steckbrief-michael-tien","status":"publish","type":"post","link":"https:\/\/www.jsg-niedergrafschaft.de\/web\/steckbrief-michael-tien\/","title":{"rendered":"Steckbrief Michael Tien"},"content":{"rendered":"\n<p>Ohne Ehrenamt geht nichts! Auch bei der JSG Niedergrafschaft gibt es zum Gl\u00fcck Personen, die sich ehrenamtlich engagieren. Sie agieren h\u00e4ufig im Hintergrund und opfern einen Gro\u00dfteil ihrer Freizeit. Aufgrund der Struktur der JSG kommen viele Ehrenamtliche aus den vier Stammvereinen aus der Niedergrafschaft. Wir stellen in unregelm\u00e4\u00dfigen Abst\u00e4nden unsere Mitstreiter in einem kleinen Steckbrief auf unserer Homepage vor.<\/p>\n\n\n\n<h3 class=\"wp-block-heading\"><strong>Michael Tien<\/strong><br><strong>Funktion<\/strong>: Koordinator U12<br><\/h3>\n\n\n\n<div class=\"wp-block-columns has-nv-light-bg-background-color has-background is-layout-flex wp-container-core-columns-is-layout-9d6595d7 wp-block-columns-is-layout-flex\">\n<div class=\"wp-block-column is-layout-flow wp-block-column-is-layout-flow\" style=\"flex-basis:50%\"><div class=\"wp-block-image\">\n<figure class=\"aligncenter size-large\"><img data-recalc-dims=\"1\" loading=\"lazy\" decoding=\"async\" width=\"576\" height=\"1024\" data-attachment-id=\"5826\" data-permalink=\"https:\/\/www.jsg-niedergrafschaft.de\/web\/steckbrief-michael-tien\/tien-michael\/\" data-orig-file=\"https:\/\/i0.wp.com\/www.jsg-niedergrafschaft.de\/web\/wp-content\/uploads\/2024\/12\/Tien-Michael.jpeg?fit=1412%2C2511&amp;ssl=1\" data-orig-size=\"1412,2511\" data-comments-opened=\"0\" data-image-meta=\"{&quot;aperture&quot;:&quot;0&quot;,&quot;credit&quot;:&quot;&quot;,&quot;camera&quot;:&quot;&quot;,&quot;caption&quot;:&quot;&quot;,&quot;created_timestamp&quot;:&quot;0&quot;,&quot;copyright&quot;:&quot;&quot;,&quot;focal_length&quot;:&quot;0&quot;,&quot;iso&quot;:&quot;0&quot;,&quot;shutter_speed&quot;:&quot;0&quot;,&quot;title&quot;:&quot;&quot;,&quot;orientation&quot;:&quot;0&quot;}\" data-image-title=\"Tien-Michael\" data-image-description=\"\" data-image-caption=\"\" data-large-file=\"https:\/\/i0.wp.com\/www.jsg-niedergrafschaft.de\/web\/wp-content\/uploads\/2024\/12\/Tien-Michael.jpeg?fit=576%2C1024&amp;ssl=1\" src=\"https:\/\/i0.wp.com\/www.jsg-niedergrafschaft.de\/web\/wp-content\/uploads\/2024\/12\/Tien-Michael.jpeg?resize=576%2C1024&#038;ssl=1\" alt=\"\" class=\"wp-image-5826\" srcset=\"https:\/\/i0.wp.com\/www.jsg-niedergrafschaft.de\/web\/wp-content\/uploads\/2024\/12\/Tien-Michael.jpeg?resize=576%2C1024&amp;ssl=1 576w, https:\/\/i0.wp.com\/www.jsg-niedergrafschaft.de\/web\/wp-content\/uploads\/2024\/12\/Tien-Michael.jpeg?resize=169%2C300&amp;ssl=1 169w, https:\/\/i0.wp.com\/www.jsg-niedergrafschaft.de\/web\/wp-content\/uploads\/2024\/12\/Tien-Michael.jpeg?resize=768%2C1366&amp;ssl=1 768w, https:\/\/i0.wp.com\/www.jsg-niedergrafschaft.de\/web\/wp-content\/uploads\/2024\/12\/Tien-Michael.jpeg?resize=864%2C1536&amp;ssl=1 864w, https:\/\/i0.wp.com\/www.jsg-niedergrafschaft.de\/web\/wp-content\/uploads\/2024\/12\/Tien-Michael.jpeg?resize=1152%2C2048&amp;ssl=1 1152w, https:\/\/i0.wp.com\/www.jsg-niedergrafschaft.de\/web\/wp-content\/uploads\/2024\/12\/Tien-Michael.jpeg?w=1412&amp;ssl=1 1412w\" sizes=\"auto, (max-width: 576px) 100vw, 576px\" \/><figcaption class=\"wp-element-caption\">Michael Tien<\/figcaption><\/figure>\n<\/div>\n\n\n<p><\/p>\n<\/div>\n\n\n\n<div class=\"wp-block-column is-layout-flow wp-block-column-is-layout-flow\" style=\"flex-basis:50%\">\n<p class=\"has-medium-font-size\"><strong>Wohnort<\/strong><br>Emlichheim<\/p>\n\n\n\n<p class=\"has-medium-font-size\"><strong>Jahrgang\/Geburtsjahr<\/strong><br>1977<\/p>\n\n\n\n<p class=\"has-medium-font-size\"><strong>Beruf \/ Arbeitgeber<\/strong><br>Fachkrankenpfleger f\u00fcr An\u00e4sthesie und Intensivpflege<\/p>\n\n\n\n<p class=\"has-medium-font-size\"><strong>Hobbies<\/strong><br>Tennis, Wandern<\/p>\n\n\n\n<p class=\"has-medium-font-size\"><strong>Lieblingsband oder -Musikrichtung<\/strong><br>Alternative Rock<\/p>\n\n\n\n<p class=\"has-medium-font-size\"><strong>Familie<\/strong><br>Verheiratet, 2 Kinder<\/p>\n\n\n\n<p class=\"has-medium-font-size\"><strong>Lieblings-Farbe<\/strong><br>Blau<\/p>\n\n\n\n<p class=\"has-medium-font-size\"><strong>Lieblings-Essen<\/strong><br>Nudelauflauf<\/p>\n\n\n\n<p class=\"has-medium-font-size\"><strong>Lieblings-Verein Bundesliga<\/strong><br>Bayern M\u00fcnchen<\/p>\n\n\n\n<p class=\"has-medium-font-size\"><strong>Mein Stammverein<\/strong><br>GSV Ringe-Neugnadenfeld<\/p>\n\n\n\n<p class=\"has-medium-font-size\"><strong>Welche T\u00e4tigkeiten fallen bei dir an \/ Dein Aufgabenbereich<\/strong><br>Unterst\u00fctzung der Trainer im organisatorischen Bereich. Bei Problemen Bindeglied zwischen Kids, Eltern und Trainern<\/p>\n\n\n\n<p class=\"has-medium-font-size\"><strong>Wie bist du zur JSG gekommen?<\/strong><br>Ich wurde angesprochen, ob ich mir die T\u00e4tigkeit des Koordinator vorstellen kann, nachdem ich bereits einige Jahre als Jugendtrainer gearbeitet habe.<\/p>\n\n\n\n<p class=\"has-medium-font-size\"><strong>Was treibt dich an, sich f\u00fcr die JSG zu engagieren?<\/strong><br>Da es ohne ehrenamtliche Arbeit gerade im Jugenbereich nicht geht, unterst\u00fctze ich diese gerne.<br>Desweiteren spielt mein Sohn in der U12<\/p>\n<\/div>\n<\/div>\n\n\n\n<figure class=\"wp-block-image size-full is-resized\"><img data-recalc-dims=\"1\" loading=\"lazy\" decoding=\"async\" width=\"1024\" height=\"512\" data-attachment-id=\"1976\" data-permalink=\"https:\/\/www.jsg-niedergrafschaft.de\/web\/steckbrief-dieter-czypulowski\/thankyou\/\" data-orig-file=\"https:\/\/i0.wp.com\/www.jsg-niedergrafschaft.de\/web\/wp-content\/uploads\/2022\/11\/thankyou.jpeg?fit=1024%2C512&amp;ssl=1\" data-orig-size=\"1024,512\" data-comments-opened=\"1\" data-image-meta=\"{&quot;aperture&quot;:&quot;0&quot;,&quot;credit&quot;:&quot;&quot;,&quot;camera&quot;:&quot;&quot;,&quot;caption&quot;:&quot;&quot;,&quot;created_timestamp&quot;:&quot;0&quot;,&quot;copyright&quot;:&quot;&quot;,&quot;focal_length&quot;:&quot;0&quot;,&quot;iso&quot;:&quot;0&quot;,&quot;shutter_speed&quot;:&quot;0&quot;,&quot;title&quot;:&quot;&quot;,&quot;orientation&quot;:&quot;0&quot;}\" data-image-title=\"Danke\" data-image-description=\"\" data-image-caption=\"\" data-large-file=\"https:\/\/i0.wp.com\/www.jsg-niedergrafschaft.de\/web\/wp-content\/uploads\/2022\/11\/thankyou.jpeg?fit=1024%2C512&amp;ssl=1\" src=\"https:\/\/i0.wp.com\/www.jsg-niedergrafschaft.de\/web\/wp-content\/uploads\/2022\/11\/thankyou.jpeg?resize=1024%2C512&#038;ssl=1\" alt=\"\" class=\"wp-image-1976\" style=\"width:598px;height:299px\" srcset=\"https:\/\/i0.wp.com\/www.jsg-niedergrafschaft.de\/web\/wp-content\/uploads\/2022\/11\/thankyou.jpeg?w=1024&amp;ssl=1 1024w, https:\/\/i0.wp.com\/www.jsg-niedergrafschaft.de\/web\/wp-content\/uploads\/2022\/11\/thankyou.jpeg?resize=300%2C150&amp;ssl=1 300w, https:\/\/i0.wp.com\/www.jsg-niedergrafschaft.de\/web\/wp-content\/uploads\/2022\/11\/thankyou.jpeg?resize=768%2C384&amp;ssl=1 768w\" sizes=\"auto, (max-width: 1024px) 100vw, 1024px\" \/><\/figure>\n","protected":false},"excerpt":{"rendered":"<p>Vorstellung von Michael Tien<\/p>\n","protected":false},"author":3,"featured_media":5826,"comment_status":"open","ping_status":"open","sticky":false,"template":"","format":"standard","meta":{"neve_meta_sidebar":"","neve_meta_container":"full-width","neve_meta_enable_content_width":"","neve_meta_content_width":0,"neve_meta_title_alignment":"","neve_meta_author_avatar":"","neve_post_elements_order":"[\"title\",\"content\"]","neve_meta_disable_header":"","neve_meta_disable_footer":"","neve_meta_disable_title":"","_jetpack_memberships_contains_paid_content":false,"footnotes":"","jetpack_publicize_message":"","jetpack_publicize_feature_enabled":true,"jetpack_social_post_already_shared":true,"jetpack_social_options":{"image_generator_settings":{"template":"highway","default_image_id":0,"font":"","enabled":false},"version":2}},"categories":[24],"tags":[],"class_list":["post-5825","post","type-post","status-publish","format-standard","has-post-thumbnail","hentry","category-steckbriefe"],"jetpack_publicize_connections":[],"jetpack_featured_media_url":"https:\/\/i0.wp.com\/www.jsg-niedergrafschaft.de\/web\/wp-content\/uploads\/2024\/12\/Tien-Michael.jpeg?fit=1412%2C2511&ssl=1","jetpack_sharing_enabled":true,"_links":{"self":[{"href":"https:\/\/www.jsg-niedergrafschaft.de\/web\/wp-json\/wp\/v2\/posts\/5825","targetHints":{"allow":["GET"]}}],"collection":[{"href":"https:\/\/www.jsg-niedergrafschaft.de\/web\/wp-json\/wp\/v2\/posts"}],"about":[{"href":"https:\/\/www.jsg-niedergrafschaft.de\/web\/wp-json\/wp\/v2\/types\/post"}],"author":[{"embeddable":true,"href":"https:\/\/www.jsg-niedergrafschaft.de\/web\/wp-json\/wp\/v2\/users\/3"}],"replies":[{"embeddable":true,"href":"https:\/\/www.jsg-niedergrafschaft.de\/web\/wp-json\/wp\/v2\/comments?post=5825"}],"version-history":[{"count":6,"href":"https:\/\/www.jsg-niedergrafschaft.de\/web\/wp-json\/wp\/v2\/posts\/5825\/revisions"}],"predecessor-version":[{"id":5833,"href":"https:\/\/www.jsg-niedergrafschaft.de\/web\/wp-json\/wp\/v2\/posts\/5825\/revisions\/5833"}],"wp:featuredmedia":[{"embeddable":true,"href":"https:\/\/www.jsg-niedergrafschaft.de\/web\/wp-json\/wp\/v2\/media\/5826"}],"wp:attachment":[{"href":"https:\/\/www.jsg-niedergrafschaft.de\/web\/wp-json\/wp\/v2\/media?parent=5825"}],"wp:term":[{"taxonomy":"category","embeddable":true,"href":"https:\/\/www.jsg-niedergrafschaft.de\/web\/wp-json\/wp\/v2\/categories?post=5825"},{"taxonomy":"post_tag","embeddable":true,"href":"https:\/\/www.jsg-niedergrafschaft.de\/web\/wp-json\/wp\/v2\/tags?post=5825"}],"curies":[{"name":"wp","href":"https:\/\/api.w.org\/{rel}","templated":true}]}}