{"id":4824,"date":"2024-06-04T18:20:13","date_gmt":"2024-06-04T16:20:13","guid":{"rendered":"https:\/\/www.jsg-niedergrafschaft.de\/web\/?p=4824"},"modified":"2024-06-05T13:34:04","modified_gmt":"2024-06-05T11:34:04","slug":"pressetext-kreisligameister-der-b-jugend","status":"publish","type":"post","link":"https:\/\/www.jsg-niedergrafschaft.de\/web\/pressetext-kreisligameister-der-b-jugend\/","title":{"rendered":"Pressebericht &#8222;Kreisligameister der B-Jugend&#8220;"},"content":{"rendered":"\n<p>Die B-Jugend der JSG Niedergrafschaft ist Meister der B-Jugend Kreisliga. Nach einem langen Kopf-an-Kopf Rennen mit dem FC Sch\u00fcttorf 09 setzte sich die JSG Niedergrafschaft am Ende \u00fcberzeugend durch. <br>Das Team der beiden Trainer J\u00fcrgen Egbers und J\u00fcrgen Wolters wurde ohne eine Niederlage und mit einem Torverh\u00e4ltnis von 90:8&nbsp;Meister und steigt somit erstmals in die Bezirksliga auf. <br>Mit dem Titel belohnte sich das Team selbst nach der knappen Finalniederlage von 3:2 bei den Hallenkreismeisterschaften gegen Vorw\u00e4rts Nordhorn. Damit setzt sich sportlich der erfolgreiche Weg der JSG Niedergrafschaft fort. Die C-Jugend hat nach dem Aufstieg in die Bezirksliga im zweiten Jahr souver\u00e4n einen Platz im oberen Mittelfeld erreicht.<\/p>\n\n\n\n<figure class=\"wp-block-image size-large\"><img data-recalc-dims=\"1\" loading=\"lazy\" decoding=\"async\" width=\"1024\" height=\"586\" data-attachment-id=\"4779\" data-permalink=\"https:\/\/www.jsg-niedergrafschaft.de\/web\/die-mannschaften\/u17-saison-24-25\/u17-kreisliga-meister-b-jugend-23-24-teamfoto-mit-text\/\" data-orig-file=\"https:\/\/i0.wp.com\/www.jsg-niedergrafschaft.de\/web\/wp-content\/uploads\/2024\/06\/U17-Kreisliga-Meister-B-Jugend-23-24-Teamfoto-mit-Text.jpg?fit=2385%2C1365&amp;ssl=1\" data-orig-size=\"2385,1365\" data-comments-opened=\"0\" data-image-meta=\"{&quot;aperture&quot;:&quot;5.6&quot;,&quot;credit&quot;:&quot;&quot;,&quot;camera&quot;:&quot;Canon EOS 4000D&quot;,&quot;caption&quot;:&quot;&quot;,&quot;created_timestamp&quot;:&quot;1717256938&quot;,&quot;copyright&quot;:&quot;&quot;,&quot;focal_length&quot;:&quot;55&quot;,&quot;iso&quot;:&quot;100&quot;,&quot;shutter_speed&quot;:&quot;0.00625&quot;,&quot;title&quot;:&quot;&quot;,&quot;orientation&quot;:&quot;1&quot;}\" data-image-title=\"U17-Kreisliga-Meister-B-Jugend-23-24-Teamfoto-mit-Text\" data-image-description=\"\" data-image-caption=\"\" data-large-file=\"https:\/\/i0.wp.com\/www.jsg-niedergrafschaft.de\/web\/wp-content\/uploads\/2024\/06\/U17-Kreisliga-Meister-B-Jugend-23-24-Teamfoto-mit-Text.jpg?fit=1024%2C586&amp;ssl=1\" src=\"https:\/\/i0.wp.com\/www.jsg-niedergrafschaft.de\/web\/wp-content\/uploads\/2024\/06\/U17-Kreisliga-Meister-B-Jugend-23-24-Teamfoto-mit-Text.jpg?resize=1024%2C586&#038;ssl=1\" alt=\"\" class=\"wp-image-4779\" srcset=\"https:\/\/i0.wp.com\/www.jsg-niedergrafschaft.de\/web\/wp-content\/uploads\/2024\/06\/U17-Kreisliga-Meister-B-Jugend-23-24-Teamfoto-mit-Text.jpg?resize=1024%2C586&amp;ssl=1 1024w, https:\/\/i0.wp.com\/www.jsg-niedergrafschaft.de\/web\/wp-content\/uploads\/2024\/06\/U17-Kreisliga-Meister-B-Jugend-23-24-Teamfoto-mit-Text.jpg?resize=300%2C172&amp;ssl=1 300w, https:\/\/i0.wp.com\/www.jsg-niedergrafschaft.de\/web\/wp-content\/uploads\/2024\/06\/U17-Kreisliga-Meister-B-Jugend-23-24-Teamfoto-mit-Text.jpg?resize=768%2C440&amp;ssl=1 768w, https:\/\/i0.wp.com\/www.jsg-niedergrafschaft.de\/web\/wp-content\/uploads\/2024\/06\/U17-Kreisliga-Meister-B-Jugend-23-24-Teamfoto-mit-Text.jpg?resize=1536%2C879&amp;ssl=1 1536w, https:\/\/i0.wp.com\/www.jsg-niedergrafschaft.de\/web\/wp-content\/uploads\/2024\/06\/U17-Kreisliga-Meister-B-Jugend-23-24-Teamfoto-mit-Text.jpg?resize=2048%2C1172&amp;ssl=1 2048w\" sizes=\"auto, (max-width: 1024px) 100vw, 1024px\" \/><figcaption class=\"wp-element-caption\"><strong>Teamfoto von links nach rechts:<\/strong><br>Robert Wemmenhove,&nbsp;Arne Kwade,&nbsp;Aron Beerlink,&nbsp;Paul Treziak,&nbsp;Josia Scheffels,&nbsp;Casper Kolkman,&nbsp;Ron Brinkers,&nbsp;Ren\u00e9 van Wieren,&nbsp;Julian Arends,&nbsp;Jannes Gosen,&nbsp;Daywin van der Zwaan,&nbsp;Bennet Langius,&nbsp;Radin Gheley Kani,&nbsp;Colin Wolken,&nbsp;Trainer J\u00fcrgen Wolters,&nbsp;Dlyar Kulaks,&nbsp;Trainer J\u00fcrgen Egbers,&nbsp;Sem Geerds,&nbsp;Trainer Malte T\u00f6ller,&nbsp;Koordinator Dieter Veldhuis<br>es fehlt:&nbsp;Luk H\u00fcbert<\/figcaption><\/figure>\n\n\n\n<h6 class=\"wp-block-heading\">Michael Weggebakker<\/h6>\n\n\n\n<div class=\"wp-block-file\"><a id=\"wp-block-file--media-b712305a-c44c-48d4-bcc6-bba93a679dfc\" href=\"https:\/\/www.jsg-niedergrafschaft.de\/web\/wp-content\/uploads\/2024\/06\/GN-online-Bericht-JSG-U17-Meister.pdf\" target=\"_blank\" rel=\"noreferrer noopener\">GN-online-Bericht-JSG-U17-Meister<\/a><a href=\"https:\/\/www.jsg-niedergrafschaft.de\/web\/wp-content\/uploads\/2024\/06\/GN-online-Bericht-JSG-U17-Meister.pdf\" class=\"wp-block-file__button wp-element-button\" download aria-describedby=\"wp-block-file--media-b712305a-c44c-48d4-bcc6-bba93a679dfc\">Herunterladen<\/a><\/div>\n","protected":false},"excerpt":{"rendered":"<p>Pressetext &#8222;Kreisligameister der B-Jugend&#8220;<\/p>\n","protected":false},"author":2,"featured_media":4779,"comment_status":"closed","ping_status":"closed","sticky":false,"template":"","format":"standard","meta":{"neve_meta_sidebar":"","neve_meta_container":"","neve_meta_enable_content_width":"","neve_meta_content_width":0,"neve_meta_title_alignment":"","neve_meta_author_avatar":"","neve_post_elements_order":"","neve_meta_disable_header":"","neve_meta_disable_footer":"","neve_meta_disable_title":"","_jetpack_memberships_contains_paid_content":false,"footnotes":"","jetpack_publicize_message":"","jetpack_publicize_feature_enabled":false,"jetpack_social_post_already_shared":false,"jetpack_social_options":{"image_generator_settings":{"template":"highway","default_image_id":0,"font":"","enabled":false},"version":2}},"categories":[25],"tags":[],"class_list":["post-4824","post","type-post","status-publish","format-standard","has-post-thumbnail","hentry","category-presse"],"jetpack_publicize_connections":[],"jetpack_featured_media_url":"https:\/\/i0.wp.com\/www.jsg-niedergrafschaft.de\/web\/wp-content\/uploads\/2024\/06\/U17-Kreisliga-Meister-B-Jugend-23-24-Teamfoto-mit-Text.jpg?fit=2385%2C1365&ssl=1","jetpack_sharing_enabled":true,"_links":{"self":[{"href":"https:\/\/www.jsg-niedergrafschaft.de\/web\/wp-json\/wp\/v2\/posts\/4824","targetHints":{"allow":["GET"]}}],"collection":[{"href":"https:\/\/www.jsg-niedergrafschaft.de\/web\/wp-json\/wp\/v2\/posts"}],"about":[{"href":"https:\/\/www.jsg-niedergrafschaft.de\/web\/wp-json\/wp\/v2\/types\/post"}],"author":[{"embeddable":true,"href":"https:\/\/www.jsg-niedergrafschaft.de\/web\/wp-json\/wp\/v2\/users\/2"}],"replies":[{"embeddable":true,"href":"https:\/\/www.jsg-niedergrafschaft.de\/web\/wp-json\/wp\/v2\/comments?post=4824"}],"version-history":[{"count":4,"href":"https:\/\/www.jsg-niedergrafschaft.de\/web\/wp-json\/wp\/v2\/posts\/4824\/revisions"}],"predecessor-version":[{"id":4841,"href":"https:\/\/www.jsg-niedergrafschaft.de\/web\/wp-json\/wp\/v2\/posts\/4824\/revisions\/4841"}],"wp:featuredmedia":[{"embeddable":true,"href":"https:\/\/www.jsg-niedergrafschaft.de\/web\/wp-json\/wp\/v2\/media\/4779"}],"wp:attachment":[{"href":"https:\/\/www.jsg-niedergrafschaft.de\/web\/wp-json\/wp\/v2\/media?parent=4824"}],"wp:term":[{"taxonomy":"category","embeddable":true,"href":"https:\/\/www.jsg-niedergrafschaft.de\/web\/wp-json\/wp\/v2\/categories?post=4824"},{"taxonomy":"post_tag","embeddable":true,"href":"https:\/\/www.jsg-niedergrafschaft.de\/web\/wp-json\/wp\/v2\/tags?post=4824"}],"curies":[{"name":"wp","href":"https:\/\/api.w.org\/{rel}","templated":true}]}}