{"id":3119,"date":"2023-08-15T13:29:51","date_gmt":"2023-08-15T11:29:51","guid":{"rendered":"https:\/\/www.jsg-niedergrafschaft.de\/web\/?p=3119"},"modified":"2023-08-15T13:59:02","modified_gmt":"2023-08-15T11:59:02","slug":"steckbrief-dieter-veldhuis","status":"publish","type":"post","link":"https:\/\/www.jsg-niedergrafschaft.de\/web\/steckbrief-dieter-veldhuis\/","title":{"rendered":"Steckbrief Dieter Veldhuis"},"content":{"rendered":"\n<p>Ohne Ehrenamt geht nichts! Auch bei der JSG Niedergrafschaft gibt es zum Gl\u00fcck Personen, die sich ehrenamtlich engagieren. Sie agieren h\u00e4ufig im Hintergrund und opfern einen Gro\u00dfteil ihrer Freizeit. Aufgrund der Struktur der JSG kommen viele Ehrenamtliche aus den vier Stammvereinen aus der Niedergrafschaft. Wir stellen in unregelm\u00e4\u00dfigen Abst\u00e4nden unsere Mitstreiter in einem kleinen Steckbrief auf unserer Homepage vor.<\/p>\n\n\n\n<h3 class=\"wp-block-heading\">Dieter Veldhuis<br><strong>Funktion<\/strong>: Koordinator U17 <br>sowie Homepage und Social-Media-Auftritte der JSG<br><\/h3>\n\n\n\n<div class=\"wp-block-columns has-nv-light-bg-background-color has-background is-layout-flex wp-container-core-columns-is-layout-9d6595d7 wp-block-columns-is-layout-flex\">\n<div class=\"wp-block-column is-layout-flow wp-block-column-is-layout-flow\" style=\"flex-basis:50%\"><div class=\"wp-block-image\">\n<figure class=\"aligncenter size-large\"><img data-recalc-dims=\"1\" loading=\"lazy\" decoding=\"async\" width=\"963\" height=\"1024\" data-attachment-id=\"3116\" data-permalink=\"https:\/\/www.jsg-niedergrafschaft.de\/web\/veldhuis-dieter-portrait-privat\/\" data-orig-file=\"https:\/\/i0.wp.com\/www.jsg-niedergrafschaft.de\/web\/wp-content\/uploads\/2023\/08\/veldhuis-dieter-portrait-privat.jpg?fit=1479%2C1572&amp;ssl=1\" data-orig-size=\"1479,1572\" data-comments-opened=\"0\" data-image-meta=\"{&quot;aperture&quot;:&quot;2.2&quot;,&quot;credit&quot;:&quot;&quot;,&quot;camera&quot;:&quot;iPhone 11&quot;,&quot;caption&quot;:&quot;&quot;,&quot;created_timestamp&quot;:&quot;1691580573&quot;,&quot;copyright&quot;:&quot;&quot;,&quot;focal_length&quot;:&quot;2.71&quot;,&quot;iso&quot;:&quot;25&quot;,&quot;shutter_speed&quot;:&quot;0.0032894736842105&quot;,&quot;title&quot;:&quot;&quot;,&quot;orientation&quot;:&quot;1&quot;}\" data-image-title=\"veldhuis-dieter-portrait-privat\" data-image-description=\"\" data-image-caption=\"\" data-large-file=\"https:\/\/i0.wp.com\/www.jsg-niedergrafschaft.de\/web\/wp-content\/uploads\/2023\/08\/veldhuis-dieter-portrait-privat.jpg?fit=963%2C1024&amp;ssl=1\" src=\"https:\/\/i0.wp.com\/www.jsg-niedergrafschaft.de\/web\/wp-content\/uploads\/2023\/08\/veldhuis-dieter-portrait-privat.jpg?resize=963%2C1024&#038;ssl=1\" alt=\"\" class=\"wp-image-3116\" srcset=\"https:\/\/i0.wp.com\/www.jsg-niedergrafschaft.de\/web\/wp-content\/uploads\/2023\/08\/veldhuis-dieter-portrait-privat.jpg?resize=963%2C1024&amp;ssl=1 963w, https:\/\/i0.wp.com\/www.jsg-niedergrafschaft.de\/web\/wp-content\/uploads\/2023\/08\/veldhuis-dieter-portrait-privat.jpg?resize=282%2C300&amp;ssl=1 282w, https:\/\/i0.wp.com\/www.jsg-niedergrafschaft.de\/web\/wp-content\/uploads\/2023\/08\/veldhuis-dieter-portrait-privat.jpg?resize=768%2C816&amp;ssl=1 768w, https:\/\/i0.wp.com\/www.jsg-niedergrafschaft.de\/web\/wp-content\/uploads\/2023\/08\/veldhuis-dieter-portrait-privat.jpg?resize=1445%2C1536&amp;ssl=1 1445w, https:\/\/i0.wp.com\/www.jsg-niedergrafschaft.de\/web\/wp-content\/uploads\/2023\/08\/veldhuis-dieter-portrait-privat.jpg?w=1479&amp;ssl=1 1479w\" sizes=\"auto, (max-width: 963px) 100vw, 963px\" \/><figcaption class=\"wp-element-caption\">Dieter Veldhuis<\/figcaption><\/figure>\n<\/div>\n\n\n<p><\/p>\n<\/div>\n\n\n\n<div class=\"wp-block-column is-layout-flow wp-block-column-is-layout-flow\" style=\"flex-basis:50%\">\n<p class=\"has-medium-font-size\"><strong>Wohnort<\/strong><br>Emlichheim<\/p>\n\n\n\n<p class=\"has-medium-font-size\"><strong>Jahrgang\/Geburtsjahr<\/strong><br>1973<\/p>\n\n\n\n<p class=\"has-medium-font-size\"><strong>Beruf \/ Arbeitgeber<\/strong><br>Leiter IT bei der Grafschafter Volksbank eG<\/p>\n\n\n\n<p class=\"has-medium-font-size\"><strong>Hobbies<\/strong><br>Meine Familie; alles rund um IT; Fitnessstudio und Sport allgemein (Fu\u00dfball, Volleyball &#8211; vor allem dort, wo meine Kids spielen)<\/p>\n\n\n\n<p class=\"has-medium-font-size\"><strong>Lieblingsessen<\/strong><br>Spaghetti Carbonara und Steaks<\/p>\n\n\n\n<p class=\"has-medium-font-size\"><strong>Lieblingsband oder -Musikrichtung<\/strong><br>Hard-Rock bzw. Heavy-Metal (vor allem der 90er), Klassik<\/p>\n\n\n\n<p class=\"has-medium-font-size\"><strong>Familie<\/strong><br>verheiratet &#8211; zwei Kinder<\/p>\n\n\n\n<p class=\"has-medium-font-size\"><strong>Lieblings-Farbe<\/strong><br>Blau<\/p>\n\n\n\n<p class=\"has-medium-font-size\"><strong>Lieblings-Verein Bundesliga<\/strong><br>Bin in 2 Ligen vertreten: HSV und Dortmund<\/p>\n\n\n\n<p class=\"has-medium-font-size\"><strong>Mein Stammverein<\/strong><br>SV Grenzland Laarwald<\/p>\n\n\n\n<p class=\"has-medium-font-size\"><strong>Wie bist du zur JSG gekommen?<\/strong><br>Mein Sohn spielt aktuell in der JSG. Ich kannte bereits einige Ehrenamtliche. J\u00fcrgen Egbers hat mich irgendwann als Betreuer \/ Koordinator f\u00fcr die U17 angeworben <\/p>\n\n\n\n<p class=\"has-medium-font-size\"><strong>Welche T\u00e4tigkeiten hast du bei der JSG?<\/strong><br>Unterst\u00fctzung der Trainer der U17 als Koordinator &#8211; damit Bindeglied zum Vorstand oder zu Spielern bzw. deren Eltern sowie<br>Erstellung und Pflege der Homepage (Aktualisierung der Inhalte auf der Homepage aber auch die technische Pflege im Hintergrund) sowie Erstellung der Beitr\u00e4ge f\u00fcr Instagram, Facebook, Tiktok &amp; Co, z.B. die Vorschau auf die JSG-Spiele, die manche auch in ihren Whatsapp-Status stellen.<\/p>\n\n\n\n<p class=\"has-medium-font-size\"><strong>Was treibt dich an, sich f\u00fcr die JSG zu engagieren?<\/strong><br>Den vielen vorhandenen talentierten Spielern in den vier Vereinen in der Niedergrafschaft eine M\u00f6glichkeit geben, sich weiterzuentwickeln. <br>Zusammenfassend: Gemeinsam mehr erreichen, weil der ein oder andere Spieler damit mehr M\u00f6glichkeiten besitzt. Auch um zu verhindern, dass Top-Talente aus den Vereinen von anderen Vereinen f\u00fcr deren Jugend abgeworben werden. Wenn es einigen Spielern dann noch gelingt, beim Kooperationspartner des SV Meppen im Nachwuchsleistungszentrum Emsland (NLZ) unterzukommen, freut mich das sehr. <br>Insgesamt bringt es damit nicht nur den Kids selber etwas, sondern sicher auch den Stammvereinen sp\u00e4ter im Seniorenbereich Vorteile.<\/p>\n<\/div>\n<\/div>\n\n\n\n<figure class=\"wp-block-image size-full is-resized\"><img data-recalc-dims=\"1\" loading=\"lazy\" decoding=\"async\" data-attachment-id=\"1976\" data-permalink=\"https:\/\/www.jsg-niedergrafschaft.de\/web\/steckbrief-dieter-czypulowski\/thankyou\/\" data-orig-file=\"https:\/\/i0.wp.com\/www.jsg-niedergrafschaft.de\/web\/wp-content\/uploads\/2022\/11\/thankyou.jpeg?fit=1024%2C512&amp;ssl=1\" data-orig-size=\"1024,512\" data-comments-opened=\"1\" data-image-meta=\"{&quot;aperture&quot;:&quot;0&quot;,&quot;credit&quot;:&quot;&quot;,&quot;camera&quot;:&quot;&quot;,&quot;caption&quot;:&quot;&quot;,&quot;created_timestamp&quot;:&quot;0&quot;,&quot;copyright&quot;:&quot;&quot;,&quot;focal_length&quot;:&quot;0&quot;,&quot;iso&quot;:&quot;0&quot;,&quot;shutter_speed&quot;:&quot;0&quot;,&quot;title&quot;:&quot;&quot;,&quot;orientation&quot;:&quot;0&quot;}\" data-image-title=\"Danke\" data-image-description=\"\" data-image-caption=\"\" data-large-file=\"https:\/\/i0.wp.com\/www.jsg-niedergrafschaft.de\/web\/wp-content\/uploads\/2022\/11\/thankyou.jpeg?fit=1024%2C512&amp;ssl=1\" src=\"https:\/\/i0.wp.com\/www.jsg-niedergrafschaft.de\/web\/wp-content\/uploads\/2022\/11\/thankyou.jpeg?resize=598%2C299&#038;ssl=1\" alt=\"\" class=\"wp-image-1976\" style=\"width:598px;height:299px\" width=\"598\" height=\"299\" srcset=\"https:\/\/i0.wp.com\/www.jsg-niedergrafschaft.de\/web\/wp-content\/uploads\/2022\/11\/thankyou.jpeg?w=1024&amp;ssl=1 1024w, https:\/\/i0.wp.com\/www.jsg-niedergrafschaft.de\/web\/wp-content\/uploads\/2022\/11\/thankyou.jpeg?resize=300%2C150&amp;ssl=1 300w, https:\/\/i0.wp.com\/www.jsg-niedergrafschaft.de\/web\/wp-content\/uploads\/2022\/11\/thankyou.jpeg?resize=768%2C384&amp;ssl=1 768w\" sizes=\"auto, (max-width: 598px) 100vw, 598px\" \/><\/figure>\n","protected":false},"excerpt":{"rendered":"<p>Vorstellung von Dieter Veldhuis<\/p>\n","protected":false},"author":3,"featured_media":3116,"comment_status":"open","ping_status":"open","sticky":false,"template":"","format":"standard","meta":{"neve_meta_sidebar":"","neve_meta_container":"full-width","neve_meta_enable_content_width":"","neve_meta_content_width":0,"neve_meta_title_alignment":"","neve_meta_author_avatar":"","neve_post_elements_order":"[\"title\",\"content\"]","neve_meta_disable_header":"","neve_meta_disable_footer":"","neve_meta_disable_title":"","_jetpack_memberships_contains_paid_content":false,"footnotes":"","jetpack_publicize_message":"Vorstellung JSG-Ehrenamtliche: Dieter Veldhuis","jetpack_publicize_feature_enabled":true,"jetpack_social_post_already_shared":false,"jetpack_social_options":{"image_generator_settings":{"template":"highway","default_image_id":0,"font":"","enabled":false},"version":2}},"categories":[24],"tags":[],"class_list":["post-3119","post","type-post","status-publish","format-standard","has-post-thumbnail","hentry","category-steckbriefe"],"jetpack_publicize_connections":[],"jetpack_featured_media_url":"https:\/\/i0.wp.com\/www.jsg-niedergrafschaft.de\/web\/wp-content\/uploads\/2023\/08\/veldhuis-dieter-portrait-privat.jpg?fit=1479%2C1572&ssl=1","jetpack_sharing_enabled":true,"_links":{"self":[{"href":"https:\/\/www.jsg-niedergrafschaft.de\/web\/wp-json\/wp\/v2\/posts\/3119","targetHints":{"allow":["GET"]}}],"collection":[{"href":"https:\/\/www.jsg-niedergrafschaft.de\/web\/wp-json\/wp\/v2\/posts"}],"about":[{"href":"https:\/\/www.jsg-niedergrafschaft.de\/web\/wp-json\/wp\/v2\/types\/post"}],"author":[{"embeddable":true,"href":"https:\/\/www.jsg-niedergrafschaft.de\/web\/wp-json\/wp\/v2\/users\/3"}],"replies":[{"embeddable":true,"href":"https:\/\/www.jsg-niedergrafschaft.de\/web\/wp-json\/wp\/v2\/comments?post=3119"}],"version-history":[{"count":6,"href":"https:\/\/www.jsg-niedergrafschaft.de\/web\/wp-json\/wp\/v2\/posts\/3119\/revisions"}],"predecessor-version":[{"id":3126,"href":"https:\/\/www.jsg-niedergrafschaft.de\/web\/wp-json\/wp\/v2\/posts\/3119\/revisions\/3126"}],"wp:featuredmedia":[{"embeddable":true,"href":"https:\/\/www.jsg-niedergrafschaft.de\/web\/wp-json\/wp\/v2\/media\/3116"}],"wp:attachment":[{"href":"https:\/\/www.jsg-niedergrafschaft.de\/web\/wp-json\/wp\/v2\/media?parent=3119"}],"wp:term":[{"taxonomy":"category","embeddable":true,"href":"https:\/\/www.jsg-niedergrafschaft.de\/web\/wp-json\/wp\/v2\/categories?post=3119"},{"taxonomy":"post_tag","embeddable":true,"href":"https:\/\/www.jsg-niedergrafschaft.de\/web\/wp-json\/wp\/v2\/tags?post=3119"}],"curies":[{"name":"wp","href":"https:\/\/api.w.org\/{rel}","templated":true}]}}