{"id":2185,"date":"2023-01-06T12:40:50","date_gmt":"2023-01-06T11:40:50","guid":{"rendered":"https:\/\/www.jsg-niedergrafschaft.de\/web\/?p=2185"},"modified":"2023-01-06T13:05:44","modified_gmt":"2023-01-06T12:05:44","slug":"u15-bericht-vom-aurich-cup","status":"publish","type":"post","link":"https:\/\/www.jsg-niedergrafschaft.de\/web\/u15-bericht-vom-aurich-cup\/","title":{"rendered":"U15: Bericht vom Burg- und M\u00fchlenturnier und dem Aurich-Cup"},"content":{"rendered":"\n<p>Sehr gute Ergebnisse bei der Teilnahme am Burg- und M\u00fchlenturnier und dem Aurich-Cup am 4.1. und 5.1.2023 &#x1f44d;&#x26bd;<\/p>\n\n\n\n<p>Am 4. Januar waren wir zum <strong>Burg- und M\u00fchlenturnier <\/strong>der JSG Gildehaus\/Bad Bentheim eingeladen. Da wir am Folgetag noch den Aurich-Cup vor der Brust hatten, haben wir uns Unterst\u00fctzung von der C2 geholt, um noch ein paar Kr\u00e4fte zu sparen. Beim Turnier belegten wir einen <strong>guten 3. Platz<\/strong>. Das Teilnehmerfeld war gut besetzt mit insgesamt 9 Mannschaften aus Bezirksliga- und Kreisliga Mannschaften der Grafschaft und Nordrhein-Westfalen.<br>Tom Kuiper musste als Torwart einspringen, da Bennet Langius (krank) und Hilko L\u00fcbbers (privat) verhindert waren. Tom spielte dabei ein starkes Turnier und war ein guter R\u00fcckhalt.<br>Mit dabei waren: Tom Kuiper (TW), Julian Arends, Daywin van der Zwaan, Lasse M\u00fclstegen (1 Tor), Paul Veldink, Jannes Scholten (1 Tor), Dyliar Kulaks (1 Tor), Chris van Grafhorst, Marek Gosink, Marlon Wittmeyer, Niklas Weusten (1 Tor), Jan Ende, Aaron Schoemaker, Jarne Hindriksen<\/p>\n\n\n\n<p class=\"has-medium-font-size\"><strong>Aurich-Cup 22\/23<\/strong><\/p>\n\n\n\n<p>Eines der H\u00f6hepunkte unserer diesj\u00e4hrigen Hallenrunde ist sicherlich der <strong>Aurich-Cup <strong>22\/23<\/strong><\/strong>. Das gr\u00f6sste Hallenturnier Deutschlands wird in der Sparkassen-Arena in Aurich mit Rundumbande und auf Kunstrasen ausgetragen. Von dieser Stelle ein grosses Lob &#x1f44d; an den Aussrichter Spvvg Aurich mit Stefan Wilts als Hauptorganisator und seinem Team.<\/p>\n\n\n\n<p>Am Vorrundentag durften wir in der Gruppe 6 ran. Zusammen mit den Teams JSG Geest, SV Wallinghausen und JFV Varel. Im ersten Spiel ging es gleich gegen den JFV Varel. Schon schnell lagen wir 1:0 hinten. R\u00fcckst\u00e4nde waren an diesem Tag aber kein Problem f\u00fcr uns. Dreimal lagen wir 1:0 hinten, schafften es jedoch diese R\u00fcckst\u00e4nde immer wieder auszugleichen. Auch im ersten Spiel welches wir am Ende mit 3:1 f\u00fcr uns entschieden. Im zweiten Spiel spielten wir 1:1-Unentschieden, es fehlte uns die Torchancenverwertung. Jetzt musste im dritten Spiel ein Sieg her, um sicher als Gruppensieger ins Achtelfinale einzuziehen. Dies gelang mit einem starken 3:0.<\/p>\n\n\n\n<p>Im <strong>Achtelfinale<\/strong> ging es dann wieder gegen den JFV Varel, der sich als bester Gruppenzweiter f\u00fcr diese Runde qualifiziert hatte. Es entwickelte sich ein ausgeglichenes Spiel, welches am Ende 1:1 ausging und somit mit einem <strong>9-Meterschie\u00dfen<\/strong> entschieden werden musste.<\/p>\n\n\n\n<p>Laut Stadionsprecher eines der spannendes und l\u00e4ngsten 9-Meterschie\u00dfen in der mittlerweile 29-j\u00e4hrigen Geschichte des Aurichs-Cups &#x1f60f;. Am Ende verlieren wir mit 7:8. Einige Spieler mussten sogar zweimal ran. Insgesamt brauchte es jeweils 11 Sch\u00fctzen f\u00fcr die Entscheidung, wobei unser Torwart Hilko dreimal erfolgreich parieren konnte.<\/p>\n\n\n\n<p>Der Aurich-Cup 2023 war f\u00fcr uns ein wirkliches tolles Erlebniss. Man wei\u00df ja heutzutage nicht was ein Jahr sp\u00e4ter noch geht, aber sollte es m\u00f6glich sein kommen wir gerne wieder &#x1f44d;&#x26bd;<\/p>\n\n\n\n<p>Mit dabei waren:<br>Hilko L\u00fcbbers (Torwart) Tom Kuiper (Torwart), Julian Arends (1 Treffer 9-Meterschie\u00dfen), Felix Breukelmann (2 Tore und 1 Treffer 9-Meterschie\u00dfen), Daywin van der Zwaan (1 Tor), Jannes Scholten (1 Tor), Jarne Veldhuis (1 Treffer 9-Meterschie\u00dfen), Dyliar Kulaks, Marek Gosink (2 Treffer 9-Meterschie\u00dfen), Lasse M\u00fclstegen, Colin Wolken, Paul Treziak (3 Tore), Chris van Grafhorst (1 Tor und 1 Treffer 9-Meterschie\u00dfen), Paul Veldink.<\/p>\n\n\n\n<p class=\"has-medium-font-size\">Das Turnier im Internet: <a href=\"http:\/\/spvgaurich.de\/aurich-cup\/rahmenspielplan\/c-jugend\/\" target=\"_blank\" rel=\"noreferrer noopener\">hier klicken<\/a><\/p>\n\n\n\n<p class=\"has-medium-font-size\">Facebook-Seite vom Aurich-Cup: <a rel=\"noreferrer noopener\" href=\"https:\/\/de-de.facebook.com\/AurichCup\" target=\"_blank\">hier klicken<\/a><\/p>\n\n\n\n<div class=\"wp-block-jetpack-slideshow aligncenter\" data-autoplay=\"true\" data-delay=\"3\" data-effect=\"slide\"><div class=\"wp-block-jetpack-slideshow_container swiper-container\"><ul class=\"wp-block-jetpack-slideshow_swiper-wrapper swiper-wrapper\"><li class=\"wp-block-jetpack-slideshow_slide swiper-slide\"><figure><img data-recalc-dims=\"1\" loading=\"lazy\" decoding=\"async\" width=\"1024\" height=\"576\" alt=\"\" class=\"wp-block-jetpack-slideshow_image wp-image-2192\" data-id=\"2192\" src=\"https:\/\/i0.wp.com\/www.jsg-niedergrafschaft.de\/web\/wp-content\/uploads\/2023\/01\/aurich-cup-23-u15-2.jpeg?resize=1024%2C576&#038;ssl=1\" srcset=\"https:\/\/i0.wp.com\/www.jsg-niedergrafschaft.de\/web\/wp-content\/uploads\/2023\/01\/aurich-cup-23-u15-2.jpeg?resize=1024%2C576&amp;ssl=1 1024w, https:\/\/i0.wp.com\/www.jsg-niedergrafschaft.de\/web\/wp-content\/uploads\/2023\/01\/aurich-cup-23-u15-2.jpeg?resize=300%2C169&amp;ssl=1 300w, https:\/\/i0.wp.com\/www.jsg-niedergrafschaft.de\/web\/wp-content\/uploads\/2023\/01\/aurich-cup-23-u15-2.jpeg?resize=768%2C432&amp;ssl=1 768w, https:\/\/i0.wp.com\/www.jsg-niedergrafschaft.de\/web\/wp-content\/uploads\/2023\/01\/aurich-cup-23-u15-2.jpeg?resize=1536%2C864&amp;ssl=1 1536w, https:\/\/i0.wp.com\/www.jsg-niedergrafschaft.de\/web\/wp-content\/uploads\/2023\/01\/aurich-cup-23-u15-2.jpeg?w=1599&amp;ssl=1 1599w\" sizes=\"(max-width: 1024px) 100vw, 1024px\" \/><\/figure><\/li><li class=\"wp-block-jetpack-slideshow_slide swiper-slide\"><figure><img data-recalc-dims=\"1\" loading=\"lazy\" decoding=\"async\" width=\"576\" height=\"1024\" alt=\"\" class=\"wp-block-jetpack-slideshow_image wp-image-2191\" data-id=\"2191\" src=\"https:\/\/i0.wp.com\/www.jsg-niedergrafschaft.de\/web\/wp-content\/uploads\/2023\/01\/aurich-cup-23-u15-4.jpeg?resize=576%2C1024&#038;ssl=1\" srcset=\"https:\/\/i0.wp.com\/www.jsg-niedergrafschaft.de\/web\/wp-content\/uploads\/2023\/01\/aurich-cup-23-u15-4.jpeg?resize=576%2C1024&amp;ssl=1 576w, https:\/\/i0.wp.com\/www.jsg-niedergrafschaft.de\/web\/wp-content\/uploads\/2023\/01\/aurich-cup-23-u15-4.jpeg?resize=169%2C300&amp;ssl=1 169w, https:\/\/i0.wp.com\/www.jsg-niedergrafschaft.de\/web\/wp-content\/uploads\/2023\/01\/aurich-cup-23-u15-4.jpeg?resize=768%2C1366&amp;ssl=1 768w, https:\/\/i0.wp.com\/www.jsg-niedergrafschaft.de\/web\/wp-content\/uploads\/2023\/01\/aurich-cup-23-u15-4.jpeg?resize=864%2C1536&amp;ssl=1 864w, https:\/\/i0.wp.com\/www.jsg-niedergrafschaft.de\/web\/wp-content\/uploads\/2023\/01\/aurich-cup-23-u15-4.jpeg?w=899&amp;ssl=1 899w\" sizes=\"(max-width: 576px) 100vw, 576px\" \/><\/figure><\/li><li class=\"wp-block-jetpack-slideshow_slide swiper-slide\"><figure><img data-recalc-dims=\"1\" loading=\"lazy\" decoding=\"async\" width=\"1024\" height=\"576\" alt=\"\" class=\"wp-block-jetpack-slideshow_image wp-image-2190\" data-id=\"2190\" src=\"https:\/\/i0.wp.com\/www.jsg-niedergrafschaft.de\/web\/wp-content\/uploads\/2023\/01\/aurich-cup-23-u15-5.jpeg?resize=1024%2C576&#038;ssl=1\" srcset=\"https:\/\/i0.wp.com\/www.jsg-niedergrafschaft.de\/web\/wp-content\/uploads\/2023\/01\/aurich-cup-23-u15-5.jpeg?resize=1024%2C576&amp;ssl=1 1024w, https:\/\/i0.wp.com\/www.jsg-niedergrafschaft.de\/web\/wp-content\/uploads\/2023\/01\/aurich-cup-23-u15-5.jpeg?resize=300%2C169&amp;ssl=1 300w, https:\/\/i0.wp.com\/www.jsg-niedergrafschaft.de\/web\/wp-content\/uploads\/2023\/01\/aurich-cup-23-u15-5.jpeg?resize=768%2C432&amp;ssl=1 768w, https:\/\/i0.wp.com\/www.jsg-niedergrafschaft.de\/web\/wp-content\/uploads\/2023\/01\/aurich-cup-23-u15-5.jpeg?resize=1536%2C864&amp;ssl=1 1536w, https:\/\/i0.wp.com\/www.jsg-niedergrafschaft.de\/web\/wp-content\/uploads\/2023\/01\/aurich-cup-23-u15-5.jpeg?w=1920&amp;ssl=1 1920w\" sizes=\"(max-width: 1024px) 100vw, 1024px\" \/><\/figure><\/li><li class=\"wp-block-jetpack-slideshow_slide swiper-slide\"><figure><img data-recalc-dims=\"1\" loading=\"lazy\" decoding=\"async\" width=\"1024\" height=\"576\" alt=\"\" class=\"wp-block-jetpack-slideshow_image wp-image-2188\" data-id=\"2188\" src=\"https:\/\/i0.wp.com\/www.jsg-niedergrafschaft.de\/web\/wp-content\/uploads\/2023\/01\/aurich-cup-23-u15-8.jpeg?resize=1024%2C576&#038;ssl=1\" srcset=\"https:\/\/i0.wp.com\/www.jsg-niedergrafschaft.de\/web\/wp-content\/uploads\/2023\/01\/aurich-cup-23-u15-8.jpeg?resize=1024%2C576&amp;ssl=1 1024w, https:\/\/i0.wp.com\/www.jsg-niedergrafschaft.de\/web\/wp-content\/uploads\/2023\/01\/aurich-cup-23-u15-8.jpeg?resize=300%2C169&amp;ssl=1 300w, https:\/\/i0.wp.com\/www.jsg-niedergrafschaft.de\/web\/wp-content\/uploads\/2023\/01\/aurich-cup-23-u15-8.jpeg?resize=768%2C432&amp;ssl=1 768w, https:\/\/i0.wp.com\/www.jsg-niedergrafschaft.de\/web\/wp-content\/uploads\/2023\/01\/aurich-cup-23-u15-8.jpeg?resize=1536%2C864&amp;ssl=1 1536w, https:\/\/i0.wp.com\/www.jsg-niedergrafschaft.de\/web\/wp-content\/uploads\/2023\/01\/aurich-cup-23-u15-8.jpeg?w=1920&amp;ssl=1 1920w\" sizes=\"(max-width: 1024px) 100vw, 1024px\" \/><\/figure><\/li><li class=\"wp-block-jetpack-slideshow_slide swiper-slide\"><figure><img data-recalc-dims=\"1\" loading=\"lazy\" decoding=\"async\" width=\"1024\" height=\"576\" alt=\"\" class=\"wp-block-jetpack-slideshow_image wp-image-2195\" data-id=\"2195\" src=\"https:\/\/i0.wp.com\/www.jsg-niedergrafschaft.de\/web\/wp-content\/uploads\/2023\/01\/aurich-cup-23-u15-7-1.jpeg?resize=1024%2C576&#038;ssl=1\" srcset=\"https:\/\/i0.wp.com\/www.jsg-niedergrafschaft.de\/web\/wp-content\/uploads\/2023\/01\/aurich-cup-23-u15-7-1.jpeg?resize=1024%2C576&amp;ssl=1 1024w, https:\/\/i0.wp.com\/www.jsg-niedergrafschaft.de\/web\/wp-content\/uploads\/2023\/01\/aurich-cup-23-u15-7-1.jpeg?resize=300%2C169&amp;ssl=1 300w, https:\/\/i0.wp.com\/www.jsg-niedergrafschaft.de\/web\/wp-content\/uploads\/2023\/01\/aurich-cup-23-u15-7-1.jpeg?resize=768%2C432&amp;ssl=1 768w, https:\/\/i0.wp.com\/www.jsg-niedergrafschaft.de\/web\/wp-content\/uploads\/2023\/01\/aurich-cup-23-u15-7-1.jpeg?resize=1536%2C864&amp;ssl=1 1536w, https:\/\/i0.wp.com\/www.jsg-niedergrafschaft.de\/web\/wp-content\/uploads\/2023\/01\/aurich-cup-23-u15-7-1.jpeg?w=1920&amp;ssl=1 1920w\" sizes=\"(max-width: 1024px) 100vw, 1024px\" \/><\/figure><\/li><li class=\"wp-block-jetpack-slideshow_slide swiper-slide\"><figure><img data-recalc-dims=\"1\" loading=\"lazy\" decoding=\"async\" width=\"1024\" height=\"576\" alt=\"\" class=\"wp-block-jetpack-slideshow_image wp-image-2189\" data-id=\"2189\" src=\"https:\/\/i0.wp.com\/www.jsg-niedergrafschaft.de\/web\/wp-content\/uploads\/2023\/01\/aurich-cup-23-u15-6.jpeg?resize=1024%2C576&#038;ssl=1\" srcset=\"https:\/\/i0.wp.com\/www.jsg-niedergrafschaft.de\/web\/wp-content\/uploads\/2023\/01\/aurich-cup-23-u15-6.jpeg?resize=1024%2C576&amp;ssl=1 1024w, https:\/\/i0.wp.com\/www.jsg-niedergrafschaft.de\/web\/wp-content\/uploads\/2023\/01\/aurich-cup-23-u15-6.jpeg?resize=300%2C169&amp;ssl=1 300w, https:\/\/i0.wp.com\/www.jsg-niedergrafschaft.de\/web\/wp-content\/uploads\/2023\/01\/aurich-cup-23-u15-6.jpeg?resize=768%2C432&amp;ssl=1 768w, https:\/\/i0.wp.com\/www.jsg-niedergrafschaft.de\/web\/wp-content\/uploads\/2023\/01\/aurich-cup-23-u15-6.jpeg?resize=1536%2C864&amp;ssl=1 1536w, https:\/\/i0.wp.com\/www.jsg-niedergrafschaft.de\/web\/wp-content\/uploads\/2023\/01\/aurich-cup-23-u15-6.jpeg?w=1920&amp;ssl=1 1920w\" sizes=\"(max-width: 1024px) 100vw, 1024px\" \/><\/figure><\/li><li class=\"wp-block-jetpack-slideshow_slide swiper-slide\"><figure><img data-recalc-dims=\"1\" loading=\"lazy\" decoding=\"async\" width=\"1024\" height=\"768\" alt=\"\" class=\"wp-block-jetpack-slideshow_image wp-image-2197\" data-id=\"2197\" src=\"https:\/\/i0.wp.com\/www.jsg-niedergrafschaft.de\/web\/wp-content\/uploads\/2023\/01\/aurich-cup-23-u15-10.jpeg?resize=1024%2C768&#038;ssl=1\" srcset=\"https:\/\/i0.wp.com\/www.jsg-niedergrafschaft.de\/web\/wp-content\/uploads\/2023\/01\/aurich-cup-23-u15-10.jpeg?resize=1024%2C768&amp;ssl=1 1024w, https:\/\/i0.wp.com\/www.jsg-niedergrafschaft.de\/web\/wp-content\/uploads\/2023\/01\/aurich-cup-23-u15-10.jpeg?resize=300%2C225&amp;ssl=1 300w, https:\/\/i0.wp.com\/www.jsg-niedergrafschaft.de\/web\/wp-content\/uploads\/2023\/01\/aurich-cup-23-u15-10.jpeg?resize=768%2C576&amp;ssl=1 768w, https:\/\/i0.wp.com\/www.jsg-niedergrafschaft.de\/web\/wp-content\/uploads\/2023\/01\/aurich-cup-23-u15-10.jpeg?resize=1536%2C1152&amp;ssl=1 1536w, https:\/\/i0.wp.com\/www.jsg-niedergrafschaft.de\/web\/wp-content\/uploads\/2023\/01\/aurich-cup-23-u15-10.jpeg?w=2000&amp;ssl=1 2000w\" sizes=\"(max-width: 1024px) 100vw, 1024px\" \/><figcaption class=\"wp-block-jetpack-slideshow_caption gallery-caption\">Gute Stimmung im Team. Auch nach der Niederlage im Achtelfinale<\/figcaption><\/figure><\/li><\/ul><a class=\"wp-block-jetpack-slideshow_button-prev swiper-button-prev swiper-button-white\" role=\"button\"><\/a><a class=\"wp-block-jetpack-slideshow_button-next swiper-button-next swiper-button-white\" role=\"button\"><\/a><a aria-label=\"Pause Slideshow\" class=\"wp-block-jetpack-slideshow_button-pause\" role=\"button\"><\/a><div class=\"wp-block-jetpack-slideshow_pagination swiper-pagination swiper-pagination-white\"><\/div><\/div><\/div>\n\n\n\n<figure class=\"wp-block-video\"><video height=\"352\" style=\"aspect-ratio: 640 \/ 352;\" width=\"640\" autoplay controls src=\"https:\/\/www.jsg-niedergrafschaft.de\/web\/wp-content\/uploads\/2023\/01\/aurich-cup-23-u15-1.mp4\"><\/video><figcaption class=\"wp-element-caption\">Marek, bei seinem 2. Treffer im 9-Meterschie\u00dfen<\/figcaption><\/figure>\n","protected":false},"excerpt":{"rendered":"<p>Bericht vom Burg- und M\u00fchlenturnier und dem Aurich-Cup der JSG U15<\/p>\n","protected":false},"author":3,"featured_media":2197,"comment_status":"open","ping_status":"open","sticky":false,"template":"","format":"standard","meta":{"neve_meta_sidebar":"","neve_meta_container":"","neve_meta_enable_content_width":"","neve_meta_content_width":0,"neve_meta_title_alignment":"","neve_meta_author_avatar":"","neve_post_elements_order":"","neve_meta_disable_header":"","neve_meta_disable_footer":"","neve_meta_disable_title":"","_jetpack_memberships_contains_paid_content":false,"footnotes":"","jetpack_publicize_message":"Bericht vom Aurich-Cup der JSG U15 #AurichCup #jsg #niedergrafschaft #u15","jetpack_publicize_feature_enabled":true,"jetpack_social_post_already_shared":true,"jetpack_social_options":{"image_generator_settings":{"template":"highway","default_image_id":0,"font":"","enabled":false},"version":2}},"categories":[1],"tags":[20],"class_list":["post-2185","post","type-post","status-publish","format-standard","has-post-thumbnail","hentry","category-allgemeines","tag-u15"],"jetpack_publicize_connections":[],"jetpack_featured_media_url":"https:\/\/i0.wp.com\/www.jsg-niedergrafschaft.de\/web\/wp-content\/uploads\/2023\/01\/aurich-cup-23-u15-10.jpeg?fit=2000%2C1500&ssl=1","jetpack_sharing_enabled":true,"_links":{"self":[{"href":"https:\/\/www.jsg-niedergrafschaft.de\/web\/wp-json\/wp\/v2\/posts\/2185","targetHints":{"allow":["GET"]}}],"collection":[{"href":"https:\/\/www.jsg-niedergrafschaft.de\/web\/wp-json\/wp\/v2\/posts"}],"about":[{"href":"https:\/\/www.jsg-niedergrafschaft.de\/web\/wp-json\/wp\/v2\/types\/post"}],"author":[{"embeddable":true,"href":"https:\/\/www.jsg-niedergrafschaft.de\/web\/wp-json\/wp\/v2\/users\/3"}],"replies":[{"embeddable":true,"href":"https:\/\/www.jsg-niedergrafschaft.de\/web\/wp-json\/wp\/v2\/comments?post=2185"}],"version-history":[{"count":10,"href":"https:\/\/www.jsg-niedergrafschaft.de\/web\/wp-json\/wp\/v2\/posts\/2185\/revisions"}],"predecessor-version":[{"id":2206,"href":"https:\/\/www.jsg-niedergrafschaft.de\/web\/wp-json\/wp\/v2\/posts\/2185\/revisions\/2206"}],"wp:featuredmedia":[{"embeddable":true,"href":"https:\/\/www.jsg-niedergrafschaft.de\/web\/wp-json\/wp\/v2\/media\/2197"}],"wp:attachment":[{"href":"https:\/\/www.jsg-niedergrafschaft.de\/web\/wp-json\/wp\/v2\/media?parent=2185"}],"wp:term":[{"taxonomy":"category","embeddable":true,"href":"https:\/\/www.jsg-niedergrafschaft.de\/web\/wp-json\/wp\/v2\/categories?post=2185"},{"taxonomy":"post_tag","embeddable":true,"href":"https:\/\/www.jsg-niedergrafschaft.de\/web\/wp-json\/wp\/v2\/tags?post=2185"}],"curies":[{"name":"wp","href":"https:\/\/api.w.org\/{rel}","templated":true}]}}